{"id":1145,"date":"2016-10-06T16:12:19","date_gmt":"2016-10-06T14:12:19","guid":{"rendered":"https:\/\/www.baustellentagebuch.de\/hansabruecke\/?p=1145"},"modified":"2016-10-06T16:12:19","modified_gmt":"2016-10-06T14:12:19","slug":"sperrung-verlaengert-sich","status":"publish","type":"post","link":"https:\/\/www.baustellentagebuch.de\/hansabruecke\/termine\/sperrung-verlaengert-sich\/","title":{"rendered":"Sperrung verl\u00e4ngert sich"},"content":{"rendered":"<div id=\"attachment_865\" style=\"width: 180px\" class=\"wp-caption alignright\"><a href=\"https:\/\/www.baustellentagebuch.de\/hansabruecke\/wp-content\/uploads\/sites\/3\/2016\/08\/MG_7153.jpg\" target=\"_blank\" data-rel=\"lightbox-image-0\" data-rl_title=\"\" data-rl_caption=\"\" title=\"\"><img loading=\"lazy\" decoding=\"async\" aria-describedby=\"caption-attachment-865\" class=\"wp-image-865 size-medium\" src=\"https:\/\/www.baustellentagebuch.de\/hansabruecke\/wp-content\/uploads\/sites\/3\/2016\/08\/MG_7153-170x300.jpg\" alt=\"Verkehrszeichen 250\" width=\"170\" height=\"300\" srcset=\"https:\/\/www.baustellentagebuch.de\/hansabruecke\/wp-content\/uploads\/sites\/3\/2016\/08\/MG_7153-170x300.jpg 170w, https:\/\/www.baustellentagebuch.de\/hansabruecke\/wp-content\/uploads\/sites\/3\/2016\/08\/MG_7153-579x1024.jpg 579w, https:\/\/www.baustellentagebuch.de\/hansabruecke\/wp-content\/uploads\/sites\/3\/2016\/08\/MG_7153-768x1358.jpg 768w, https:\/\/www.baustellentagebuch.de\/hansabruecke\/wp-content\/uploads\/sites\/3\/2016\/08\/MG_7153-600x1061.jpg 600w, https:\/\/www.baustellentagebuch.de\/hansabruecke\/wp-content\/uploads\/sites\/3\/2016\/08\/MG_7153-869x1536.jpg 869w, https:\/\/www.baustellentagebuch.de\/hansabruecke\/wp-content\/uploads\/sites\/3\/2016\/08\/MG_7153.jpg 1136w\" sizes=\"auto, (max-width: 170px) 100vw, 170px\" \/><\/a><p id=\"caption-attachment-865\" class=\"wp-caption-text\"><strong>Ach du dickes Ei:<\/strong> Die Sperrung dauert l\u00e4nger als geplant. <em>Foto: Heiko Link<\/em><\/p><\/div>\n<p><strong>Wir haben was gelernt<\/strong>, liebe Leser. Von allen Seiten wurde permanent nachgefragt: Wann kommt die n\u00e4chste Vollsperrung? Irgendwann gaben wir dem Druck nach und den Termin 10. &#8211; 22. Oktober raus. Das werden wir nicht noch mal machen, denn: Jetzt haben wir den Salat! Bei einem Gespr\u00e4ch mit allen Versorgern kam heraus: In zwei Wochen ist das nicht zu schaffen. Die Vollsperrung wird etwas fr\u00fcher eingerichtet und sie wird &#8211; jetzt bitte tapfer sein! &#8211; eine Woche l\u00e4nger dauern. <strong>Der neue Termin ist: 7. bis 28. Oktober.<\/strong> Doch es gibt auch eine gute Nachricht!<!--more--><\/p>\n<p>Wenn ich es mir aussuchen kann, dann nehme ich immer die schlechte Nachricht zuerst. Das hat den Vorteil, dass ich mit der guten aus dem Gespr\u00e4ch gehen kann. Ich fange mal bei dem Versorger-Treffen an. Vergangene Woche kam die ganz gro\u00dfe Runde mit folgenden Teilnehmern zusammen:<\/p>\n<ul>\n<li><a href=\"https:\/\/www.telekom.de\/start\" target=\"_blank\">Telekom<\/a><\/li>\n<li><a href=\"https:\/\/www.ewe.de\" target=\"_blank\">EWE<\/a><\/li>\n<li><a href=\"https:\/\/ww-netz.com\" target=\"_blank\">Westfalen Weser Netz AG<\/a> (Strom- + Beleuchtungskabel)<\/li>\n<li><a href=\"http:\/\/www.herford.de\" target=\"_blank\">Stadt Herford<\/a> (Steuerkabel)<\/li>\n<li><a href=\"https:\/\/www.stadtwerke-herford.de\" target=\"_blank\">Stadtwerke Herford<\/a> (Gas und Wasser)<\/li>\n<li><a href=\"https:\/\/www.kreis-herford.de\" target=\"_blank\">Kreis Herford<\/a> (Br\u00fcckenentw\u00e4sserung)<\/li>\n<\/ul>\n<h2>Beginn der Sperrung: Morgen Mittag<\/h2>\n<div id=\"attachment_1160\" style=\"width: 222px\" class=\"wp-caption alignleft\"><a href=\"https:\/\/www.baustellentagebuch.de\/hansabruecke\/wp-content\/uploads\/sites\/3\/2016\/10\/Goebenstr_Detailplan.jpg\" target=\"_blank\" data-rel=\"lightbox-image-1\" data-rl_title=\"\" data-rl_caption=\"\" title=\"\"><img loading=\"lazy\" decoding=\"async\" aria-describedby=\"caption-attachment-1160\" class=\"wp-image-1160 size-medium\" src=\"https:\/\/www.baustellentagebuch.de\/hansabruecke\/wp-content\/uploads\/sites\/3\/2016\/10\/Goebenstr_Detailplan-212x300.jpg\" alt=\"Goebenstra\u00dfe Detailplan Sperrung\" width=\"212\" height=\"300\" srcset=\"https:\/\/www.baustellentagebuch.de\/hansabruecke\/wp-content\/uploads\/sites\/3\/2016\/10\/Goebenstr_Detailplan-212x300.jpg 212w, https:\/\/www.baustellentagebuch.de\/hansabruecke\/wp-content\/uploads\/sites\/3\/2016\/10\/Goebenstr_Detailplan-724x1024.jpg 724w, https:\/\/www.baustellentagebuch.de\/hansabruecke\/wp-content\/uploads\/sites\/3\/2016\/10\/Goebenstr_Detailplan-768x1086.jpg 768w, https:\/\/www.baustellentagebuch.de\/hansabruecke\/wp-content\/uploads\/sites\/3\/2016\/10\/Goebenstr_Detailplan-600x848.jpg 600w, https:\/\/www.baustellentagebuch.de\/hansabruecke\/wp-content\/uploads\/sites\/3\/2016\/10\/Goebenstr_Detailplan-1086x1536.jpg 1086w, https:\/\/www.baustellentagebuch.de\/hansabruecke\/wp-content\/uploads\/sites\/3\/2016\/10\/Goebenstr_Detailplan.jpg 1169w\" sizes=\"auto, (max-width: 212px) 100vw, 212px\" \/><\/a><p id=\"caption-attachment-1160\" class=\"wp-caption-text\"><strong>Detailplan:<\/strong> Sperrung in der Goebenstra\u00dfe.<\/p><\/div>\n<p>Die wollen alle w\u00e4hrend der Vollsperrung ihre Arbeiten erledigen. Stellen Sie sich die Runde mal vor. Was glauben Sie, wie lange so ein Meeting dauert? \ud83d\ude09 Jedenfalls kam dabei heraus, dass die Sperrung l\u00e4nger dauert. Und dass der <a href=\"http:\/\/bas.de\" target=\"_blank\">Verkehrssicherer B.A.S.<\/a> (der auch noch mit im Boot ist) zur Zeit aufgrund der guten Auftragslage (in den verkehrs\u00e4rmeren Herbstferien wollen nicht nur wir Herforder schnell noch was abgesperrt haben) nur Freitag gegen Mittag zum Absperren anbieten kann. Das ist ein <strong>denkbar schlechter Termin<\/strong>, weil an diesem Wochenende gleich zwei Dinge zusammen kommen: 1. City-Kirmes, 2. Verkaufsoffener Sonntag.<\/p>\n<p>Von den hei\u00dfen Diskussionen, ob man das machen kann oder lieber doch nicht, habe ich einiges mitbekommen. Ich bin sehr froh, dass ich &#8222;nur&#8220; \u00fcber den Ausgang berichten muss.<\/p>\n<p>Die Ausgestaltung der Sperrung wird genau so sein, wie beim letzten Mal. Das hei\u00dft, dass <strong>auch die Sophienstra\u00dfe gesperrt<\/strong> wird. Das ist n\u00f6tig, auch wenn in dem Bereich nicht gearbeitet wird. Der Grund: Die Baustellenampeln k\u00f6nnten bei offener Sophienstra\u00dfe nicht sinnvoll geschaltet werden. Es g\u00e4be durch die halbseitige Sperrung der Goebenstra\u00dfe auf Seite der Hansabr\u00fccke ein ziemliches Durcheinander. <strong>Wichtig:<\/strong> Das E-Center Wehrmann und die Stra\u00dfe &#8222;Am Bahndamm&#8220; bleiben wie gehabt von oben erreichbar.<\/p>\n<h2>Zum Schulbeginn: Fu\u00dfg\u00e4nger frei!<\/h2>\n<p>Die Br\u00fccke wird auch wieder <strong>f\u00fcr Radfahrer und Fu\u00dfg\u00e4nger gesperrt<\/strong>. Aber nur in den ersten beiden Wochen! <strong>Nach Ende der Herbstferien wird f\u00fcr Sch\u00fcler und alle anderen Fu\u00dfg\u00e4nger ein Notweg durch die Baustelle eingerichtet.<\/strong><\/p>\n<div id=\"attachment_1161\" style=\"width: 307px\" class=\"wp-caption alignright\"><a href=\"https:\/\/www.baustellentagebuch.de\/hansabruecke\/wp-content\/uploads\/sites\/3\/2016\/10\/Goebenstr_Umleitungsplan_Vollsperrung.jpg\" target=\"_blank\" data-rel=\"lightbox-image-2\" data-rl_title=\"\" data-rl_caption=\"\" title=\"\"><img loading=\"lazy\" decoding=\"async\" aria-describedby=\"caption-attachment-1161\" class=\"wp-image-1161 size-medium\" src=\"https:\/\/www.baustellentagebuch.de\/hansabruecke\/wp-content\/uploads\/sites\/3\/2016\/10\/Goebenstr_Umleitungsplan_Vollsperrung-297x300.jpg\" alt=\"Hansabr\u00fccke Umleitungsplan Vollsperrung\" width=\"297\" height=\"300\" srcset=\"https:\/\/www.baustellentagebuch.de\/hansabruecke\/wp-content\/uploads\/sites\/3\/2016\/10\/Goebenstr_Umleitungsplan_Vollsperrung-297x300.jpg 297w, https:\/\/www.baustellentagebuch.de\/hansabruecke\/wp-content\/uploads\/sites\/3\/2016\/10\/Goebenstr_Umleitungsplan_Vollsperrung-1014x1024.jpg 1014w, https:\/\/www.baustellentagebuch.de\/hansabruecke\/wp-content\/uploads\/sites\/3\/2016\/10\/Goebenstr_Umleitungsplan_Vollsperrung-768x776.jpg 768w, https:\/\/www.baustellentagebuch.de\/hansabruecke\/wp-content\/uploads\/sites\/3\/2016\/10\/Goebenstr_Umleitungsplan_Vollsperrung-600x606.jpg 600w, https:\/\/www.baustellentagebuch.de\/hansabruecke\/wp-content\/uploads\/sites\/3\/2016\/10\/Goebenstr_Umleitungsplan_Vollsperrung.jpg 1169w\" sizes=\"auto, (max-width: 297px) 100vw, 297px\" \/><\/a><p id=\"caption-attachment-1161\" class=\"wp-caption-text\"><strong>Umleitungsplan:<\/strong> Vollsperrung Hansabr\u00fccke<\/p><\/div>\n<p><strong>Aus folgenden Gr\u00fcnden wird die Sperrung nach wie vor an diesem Termin riskiert:<\/strong><\/p>\n<ul>\n<li>Gesperrt wird &#8222;nur&#8220; eine Querverbindung und nicht eine Haupteinfallstra\u00dfe zur Innenstadt. (Schwacher Trost. Das ist allen klar &#8230;)<\/li>\n<li>Die verkehrs\u00e4rmere Ferienzeit soll genutzt werden.<\/li>\n<li>Au\u00dferhalb der Ferien zu sperren w\u00fcrde auch bedeuten, dass die Sch\u00fcler zwei Wochen lang Umwege in Kauf nehmen m\u00fcssten. Das soll vermieden werden!<\/li>\n<\/ul>\n<h2>Die gute Nachricht<\/h2>\n<p>Wie versprochen habe ich zum Schluss noch eine gute Nachricht. Die <strong>halbseiteig Sperrung der Goebenstra\u00dfe<\/strong>, mit der die Sperrung der Sophienstra\u00dfe einhergeht, war urspr\u00fcnglich f\u00fcr zwei Wochen angesetzt. Sie <strong>wird nur eine Woche dauern<\/strong>! Danach k\u00f6nnen Sie wieder in beide Richtungen an der Hansabr\u00fccke vorbeirauschen. \ud83d\ude09<\/p>\n<p>Und &#8211; ich traue mich gar nicht so recht es zu schreiben &#8211; alle Beteiligten sind bem\u00fcht, schneller als geplant fertig zu werden. Ihnen das jetzt fest zu versprechen w\u00fcrde bedeuten, dass wir doch nichts dazugelernt haben. Deswegen sind wir jetzt erstmal &#8222;nur&#8220; guter Hoffnung.<\/p>\n","protected":false},"excerpt":{"rendered":"<p>Wir haben was gelernt, liebe Leser. Von allen Seiten wurde permanent nachgefragt: Wann kommt die n\u00e4chste Vollsperrung? Irgendwann gaben wir dem Druck nach und den Termin 10. &#8211; 22. Oktober raus. Das werden wir nicht noch mal machen, denn: Jetzt haben wir den Salat! Bei einem Gespr\u00e4ch mit allen Versorgern kam heraus: In zwei Wochen [&hellip;]<\/p>\n","protected":false},"author":3,"featured_media":865,"comment_status":"open","ping_status":"open","sticky":false,"template":"","format":"standard","meta":{"_genesis_hide_title":false,"_genesis_hide_breadcrumbs":false,"_genesis_hide_singular_image":false,"_genesis_hide_footer_widgets":false,"_genesis_custom_body_class":"","_genesis_custom_post_class":"","_genesis_layout":"","footnotes":""},"categories":[15,18,63],"tags":[],"class_list":{"0":"post-1145","1":"post","2":"type-post","3":"status-publish","4":"format-standard","5":"has-post-thumbnail","7":"category-termine","8":"category-verkehrsfuehrung","9":"category-versorgungsleitungen","10":"entry"},"_links":{"self":[{"href":"https:\/\/www.baustellentagebuch.de\/hansabruecke\/wp-json\/wp\/v2\/posts\/1145","targetHints":{"allow":["GET"]}}],"collection":[{"href":"https:\/\/www.baustellentagebuch.de\/hansabruecke\/wp-json\/wp\/v2\/posts"}],"about":[{"href":"https:\/\/www.baustellentagebuch.de\/hansabruecke\/wp-json\/wp\/v2\/types\/post"}],"author":[{"embeddable":true,"href":"https:\/\/www.baustellentagebuch.de\/hansabruecke\/wp-json\/wp\/v2\/users\/3"}],"replies":[{"embeddable":true,"href":"https:\/\/www.baustellentagebuch.de\/hansabruecke\/wp-json\/wp\/v2\/comments?post=1145"}],"version-history":[{"count":17,"href":"https:\/\/www.baustellentagebuch.de\/hansabruecke\/wp-json\/wp\/v2\/posts\/1145\/revisions"}],"predecessor-version":[{"id":1164,"href":"https:\/\/www.baustellentagebuch.de\/hansabruecke\/wp-json\/wp\/v2\/posts\/1145\/revisions\/1164"}],"wp:featuredmedia":[{"embeddable":true,"href":"https:\/\/www.baustellentagebuch.de\/hansabruecke\/wp-json\/wp\/v2\/media\/865"}],"wp:attachment":[{"href":"https:\/\/www.baustellentagebuch.de\/hansabruecke\/wp-json\/wp\/v2\/media?parent=1145"}],"wp:term":[{"taxonomy":"category","embeddable":true,"href":"https:\/\/www.baustellentagebuch.de\/hansabruecke\/wp-json\/wp\/v2\/categories?post=1145"},{"taxonomy":"post_tag","embeddable":true,"href":"https:\/\/www.baustellentagebuch.de\/hansabruecke\/wp-json\/wp\/v2\/tags?post=1145"}],"curies":[{"name":"wp","href":"https:\/\/api.w.org\/{rel}","templated":true}]}}