{"id":1225,"date":"2016-10-26T16:49:17","date_gmt":"2016-10-26T14:49:17","guid":{"rendered":"https:\/\/www.baustellentagebuch.de\/hansabruecke\/?p=1225"},"modified":"2016-10-26T16:49:17","modified_gmt":"2016-10-26T14:49:17","slug":"sperrung-es-gibt-noch-mal-nachschlag","status":"publish","type":"post","link":"https:\/\/www.baustellentagebuch.de\/hansabruecke\/allgemein\/sperrung-es-gibt-noch-mal-nachschlag\/","title":{"rendered":"Sperrung: Es gibt noch mal Nachschlag"},"content":{"rendered":"<div id=\"attachment_1226\" style=\"width: 310px\" class=\"wp-caption alignleft\"><a href=\"https:\/\/www.baustellentagebuch.de\/hansabruecke\/wp-content\/uploads\/sites\/3\/2016\/10\/IMG_5372.jpg\" target=\"_blank\" data-rel=\"lightbox-image-0\" data-rl_title=\"\" data-rl_caption=\"\" title=\"\"><img loading=\"lazy\" decoding=\"async\" aria-describedby=\"caption-attachment-1226\" class=\"wp-image-1226 size-medium\" src=\"https:\/\/www.baustellentagebuch.de\/hansabruecke\/wp-content\/uploads\/sites\/3\/2016\/10\/IMG_5372-300x232.jpg\" alt=\"Versorgungsleitungen\" width=\"300\" height=\"232\" \/><\/a><p id=\"caption-attachment-1226\" class=\"wp-caption-text\"><strong>Ein Loch f\u00fcr alle:<\/strong> Der Platz, um an allen Leitungen gleichzeitig zu arbeiten, ist nicht vorhanden. <em>Foto: Martin Spiering<\/em><\/p><\/div>\n<p>Gestern Mittag sprach ich der Baustellentagebuch-Leserin Susanne M\u00f6ller einen schwachen Trost zu. Sie schrieb <a href=\"https:\/\/www.baustellentagebuch.de\/hansabruecke\/baumassnahme\">einen Kommentar,<\/a> auf den ich antwortete: &#8222;N\u00e4chste Woche ist der Spuk an der Hansabr\u00fccke vorbei. Sie m\u00fcssen nur noch ein paar Tage durchhalten, dann wird die Vollsperrung der Hansabr\u00fccke aufgehoben.&#8220; Keine zwei Stunden sp\u00e4ter erreichte mich die Nachricht, dass <strong>die Sperrung f\u00fcr den Verkehr sich noch mal um eine Woche verl\u00e4ngert<\/strong>. Weil die Genehmigung daf\u00fcr gestern noch nicht erteilt war, lesen Sie das erst heute. Sp\u00e4testens <strong>am Freitag, den 4. November<\/strong> soll dann aber wirklich Schluss sein.<!--more--><\/p>\n<p>Der Grund f\u00fcr die erneute Verl\u00e4ngerung ist, dass die Arbeiten an den Versorgungsleitungen in dieser Woche nicht abgeschlossen werden k\u00f6nnen. Dass vom Telefonkabel bis zur Gasleitung wirklich <strong>an allen<\/strong><strong> Versorgungsleitungen gleichzeitig<\/strong> gearbeitet wird, ist eine Besonderheit die (Gott sei Dank), bei Baustellen nur selten vorkommt. Was andererseits das Einsch\u00e4tzen der voraussichtlich ben\u00f6tigten Zeit erschwert.<\/p>\n<h2>Nicht alle gleichzeitig<\/h2>\n<p>An unserer Hansabr\u00fccke kommt noch dazu, dass zum Arbeiten nur wenig Platz zur Verf\u00fcgung steht. Im gleichen Loch k\u00f6nnen nicht alle gleichzeitig an unterschiedlichen Leitungen arbeiten. Das muss koordiniert und abgesprochen werden, was auch nicht so ganz leicht ist. F\u00fcr fast jedes Rohr und Kabel gibt es einen eigenen Versorger, der wiederum ein Unternehmen damit beauftragt, an seiner Leitung \/ seinem Kabel bestimmte Arbeiten durchzuf\u00fchren. Ich habe fast den Eindruck, dass die \u00d6lerei an Schreibtischen und Telefonen gr\u00f6\u00dfer ist, als in der vom Regen matschigen Baustelle. \ud83d\ude09<\/p>\n<h2>Fu\u00dfg\u00e4nger frei!<\/h2>\n<p>Der Notweg f\u00fcr die Fu\u00dfg\u00e4nger bleibt \u00fcbrigens w\u00e4hrend der gesamten Zeit offen!<\/p>\n<p>Alle unsere Hoffnungen liegen also auf dem 4. November. Ich habe beim Kreis schon gesagt, dass ich dann schreiben m\u00f6chte: &#8222;Heute wird die Sperrung aufgehoben.&#8220; Dr\u00fccken wir die Daumen, dass es klappt. Auch wenn&#8217;s schwer f\u00e4llt, verbleibe ich mit: <strong>Heiter weiter!<\/strong><\/p>\n","protected":false},"excerpt":{"rendered":"<p>Gestern Mittag sprach ich der Baustellentagebuch-Leserin Susanne M\u00f6ller einen schwachen Trost zu. Sie schrieb einen Kommentar, auf den ich antwortete: &#8222;N\u00e4chste Woche ist der Spuk an der Hansabr\u00fccke vorbei. Sie m\u00fcssen nur noch ein paar Tage durchhalten, dann wird die Vollsperrung der Hansabr\u00fccke aufgehoben.&#8220; Keine zwei Stunden sp\u00e4ter erreichte mich die Nachricht, dass die Sperrung [&hellip;]<\/p>\n","protected":false},"author":3,"featured_media":1226,"comment_status":"open","ping_status":"open","sticky":false,"template":"","format":"standard","meta":{"_genesis_hide_title":false,"_genesis_hide_breadcrumbs":false,"_genesis_hide_singular_image":false,"_genesis_hide_footer_widgets":false,"_genesis_custom_body_class":"","_genesis_custom_post_class":"","_genesis_layout":"","footnotes":""},"categories":[1,18],"tags":[],"class_list":{"0":"post-1225","1":"post","2":"type-post","3":"status-publish","4":"format-standard","5":"has-post-thumbnail","7":"category-allgemein","8":"category-verkehrsfuehrung","9":"entry"},"_links":{"self":[{"href":"https:\/\/www.baustellentagebuch.de\/hansabruecke\/wp-json\/wp\/v2\/posts\/1225","targetHints":{"allow":["GET"]}}],"collection":[{"href":"https:\/\/www.baustellentagebuch.de\/hansabruecke\/wp-json\/wp\/v2\/posts"}],"about":[{"href":"https:\/\/www.baustellentagebuch.de\/hansabruecke\/wp-json\/wp\/v2\/types\/post"}],"author":[{"embeddable":true,"href":"https:\/\/www.baustellentagebuch.de\/hansabruecke\/wp-json\/wp\/v2\/users\/3"}],"replies":[{"embeddable":true,"href":"https:\/\/www.baustellentagebuch.de\/hansabruecke\/wp-json\/wp\/v2\/comments?post=1225"}],"version-history":[{"count":11,"href":"https:\/\/www.baustellentagebuch.de\/hansabruecke\/wp-json\/wp\/v2\/posts\/1225\/revisions"}],"predecessor-version":[{"id":1237,"href":"https:\/\/www.baustellentagebuch.de\/hansabruecke\/wp-json\/wp\/v2\/posts\/1225\/revisions\/1237"}],"wp:featuredmedia":[{"embeddable":true,"href":"https:\/\/www.baustellentagebuch.de\/hansabruecke\/wp-json\/wp\/v2\/media\/1226"}],"wp:attachment":[{"href":"https:\/\/www.baustellentagebuch.de\/hansabruecke\/wp-json\/wp\/v2\/media?parent=1225"}],"wp:term":[{"taxonomy":"category","embeddable":true,"href":"https:\/\/www.baustellentagebuch.de\/hansabruecke\/wp-json\/wp\/v2\/categories?post=1225"},{"taxonomy":"post_tag","embeddable":true,"href":"https:\/\/www.baustellentagebuch.de\/hansabruecke\/wp-json\/wp\/v2\/tags?post=1225"}],"curies":[{"name":"wp","href":"https:\/\/api.w.org\/{rel}","templated":true}]}}