{"id":1259,"date":"2016-11-03T16:57:45","date_gmt":"2016-11-03T15:57:45","guid":{"rendered":"https:\/\/www.baustellentagebuch.de\/hansabruecke\/?p=1259"},"modified":"2016-11-03T17:00:44","modified_gmt":"2016-11-03T16:00:44","slug":"freie-fahrt-ab-morgen-nachmittag","status":"publish","type":"post","link":"https:\/\/www.baustellentagebuch.de\/hansabruecke\/allgemein\/freie-fahrt-ab-morgen-nachmittag\/","title":{"rendered":"Freie Fahrt ab Morgen Nachmittag"},"content":{"rendered":"<div id=\"attachment_1260\" style=\"width: 310px\" class=\"wp-caption alignright\"><a href=\"https:\/\/www.baustellentagebuch.de\/hansabruecke\/wp-content\/uploads\/sites\/3\/2016\/11\/IMG_5824.jpg\" target=\"_blank\" data-rel=\"lightbox-image-0\" data-rl_title=\"\" data-rl_caption=\"\" title=\"\"><img loading=\"lazy\" decoding=\"async\" aria-describedby=\"caption-attachment-1260\" class=\"wp-image-1260 size-medium\" src=\"https:\/\/www.baustellentagebuch.de\/hansabruecke\/wp-content\/uploads\/sites\/3\/2016\/11\/IMG_5824-300x192.jpg\" alt=\"Gehwegkappe\" width=\"300\" height=\"192\" \/><\/a><p id=\"caption-attachment-1260\" class=\"wp-caption-text\"><strong>Wird abgebaut:<\/strong> Das Gel\u00e4nder am Rand der Gehwegkappe, von dem rechts im Bild noch ein St\u00fcck zu sehen ist, wird gerade abgebaut. <em>Fotos: Martin Spiering<\/em><\/p><\/div>\n<p>Gute Neuigkeiten: Morgen wird die Hansabr\u00fccke <strong>im Laufe des sp\u00e4ten Nachmittags<\/strong> wieder als einspurige Einbahnstra\u00dfe f\u00fcr den Verkehr freigegeben. An den Versorgungsleitungen wird trotzdem noch eine Woche weiter gearbeitet. Das Sch\u00f6ne daran ist: Als Verkehrsteilnehmer merken Sie beim Fahren davon nichts.<!--more--><\/p>\n<h2><\/h2>\n<h2><\/h2>\n<p>&nbsp;<\/p>\n<p>&nbsp;<\/p>\n<h2>Gehwegkappe ist fertig<\/h2>\n<p>Auf der Br\u00fccke haben die Br\u00fcckenbauer die Gehwegkappe fertig gestellt. Im Moment wird das provisorische Gel\u00e4nder, das als Hilfskonstruktion beim Betonieren diente, abgebaut. Au\u00dferdem wird jetzt, wo der Beton fest genug daf\u00fcr ist, die Verschalung entfernt.<\/p>\n<div id=\"attachment_1264\" style=\"width: 249px\" class=\"wp-caption alignleft\"><a href=\"https:\/\/www.baustellentagebuch.de\/hansabruecke\/wp-content\/uploads\/sites\/3\/2016\/11\/IMG_5804.jpg\" target=\"_blank\" data-rel=\"lightbox-image-1\" data-rl_title=\"\" data-rl_caption=\"\" title=\"\"><img loading=\"lazy\" decoding=\"async\" aria-describedby=\"caption-attachment-1264\" class=\"wp-image-1264 size-medium\" src=\"https:\/\/www.baustellentagebuch.de\/hansabruecke\/wp-content\/uploads\/sites\/3\/2016\/11\/IMG_5804-239x300.jpg\" alt=\"Gehwegkappe\" width=\"239\" height=\"300\" \/><\/a><p id=\"caption-attachment-1264\" class=\"wp-caption-text\"><strong>Ist fertig:<\/strong> Die Gehwegkappe auf der Hansabr\u00fccke.<\/p><\/div>\n<p>Auf der Seite des Kirchenkreises wird zur Zeit die so genannte Fl\u00fcgelkappe gebaut. Sie beginnt hinter dem neuen, <a href=\"https:\/\/www.baustellentagebuch.de\/hansabruecke\/allgemein\/die-neue-bruecke-leise-und-ordentlich\">leisen Fahrbahn\u00fcbergang<\/a> und reicht bis auf H\u00f6he des (zur Zeit gesperrten) Fu\u00dfwegs, der die Hansabr\u00fccke mit der <a href=\"https:\/\/de.wikipedia.org\/wiki\/Br\u00fccken_in_Herford#Herderbr.C3.BCcke\" target=\"_blank\">Herderbr\u00fccke<\/a> verbindet. An der Stelle wird auch noch eine St\u00fctzwand gebaut. Beides soll in der n\u00e4chsten Woche fertig werden.<\/p>\n<div id=\"attachment_1265\" style=\"width: 310px\" class=\"wp-caption alignright\"><a href=\"https:\/\/www.baustellentagebuch.de\/hansabruecke\/wp-content\/uploads\/sites\/3\/2016\/11\/IMG_5821.jpg\" target=\"_blank\" data-rel=\"lightbox-image-2\" data-rl_title=\"\" data-rl_caption=\"\" title=\"\"><img loading=\"lazy\" decoding=\"async\" aria-describedby=\"caption-attachment-1265\" class=\"wp-image-1265 size-medium\" src=\"https:\/\/www.baustellentagebuch.de\/hansabruecke\/wp-content\/uploads\/sites\/3\/2016\/11\/IMG_5821-300x214.jpg\" alt=\"Fl\u00fcgelkappe\" width=\"300\" height=\"214\" \/><\/a><p id=\"caption-attachment-1265\" class=\"wp-caption-text\"><strong>In Arbeit:<\/strong> Die Fl\u00fcgelkappe und eine St\u00fctzwand auf der Seite des Kirchenkreises. Hinter der geleben Absperrbake im Hintergrund befindet sich der Fu\u00dfweg zur Herderbr\u00fccke.<\/p><\/div>\n","protected":false},"excerpt":{"rendered":"<p>Gute Neuigkeiten: Morgen wird die Hansabr\u00fccke im Laufe des sp\u00e4ten Nachmittags wieder als einspurige Einbahnstra\u00dfe f\u00fcr den Verkehr freigegeben. An den Versorgungsleitungen wird trotzdem noch eine Woche weiter gearbeitet. Das Sch\u00f6ne daran ist: Als Verkehrsteilnehmer merken Sie beim Fahren davon nichts.<\/p>\n","protected":false},"author":3,"featured_media":1265,"comment_status":"open","ping_status":"open","sticky":false,"template":"","format":"standard","meta":{"_genesis_hide_title":false,"_genesis_hide_breadcrumbs":false,"_genesis_hide_singular_image":false,"_genesis_hide_footer_widgets":false,"_genesis_custom_body_class":"","_genesis_custom_post_class":"","_genesis_layout":"","footnotes":""},"categories":[1,18],"tags":[],"class_list":{"0":"post-1259","1":"post","2":"type-post","3":"status-publish","4":"format-standard","5":"has-post-thumbnail","7":"category-allgemein","8":"category-verkehrsfuehrung","9":"entry"},"_links":{"self":[{"href":"https:\/\/www.baustellentagebuch.de\/hansabruecke\/wp-json\/wp\/v2\/posts\/1259","targetHints":{"allow":["GET"]}}],"collection":[{"href":"https:\/\/www.baustellentagebuch.de\/hansabruecke\/wp-json\/wp\/v2\/posts"}],"about":[{"href":"https:\/\/www.baustellentagebuch.de\/hansabruecke\/wp-json\/wp\/v2\/types\/post"}],"author":[{"embeddable":true,"href":"https:\/\/www.baustellentagebuch.de\/hansabruecke\/wp-json\/wp\/v2\/users\/3"}],"replies":[{"embeddable":true,"href":"https:\/\/www.baustellentagebuch.de\/hansabruecke\/wp-json\/wp\/v2\/comments?post=1259"}],"version-history":[{"count":17,"href":"https:\/\/www.baustellentagebuch.de\/hansabruecke\/wp-json\/wp\/v2\/posts\/1259\/revisions"}],"predecessor-version":[{"id":1279,"href":"https:\/\/www.baustellentagebuch.de\/hansabruecke\/wp-json\/wp\/v2\/posts\/1259\/revisions\/1279"}],"wp:featuredmedia":[{"embeddable":true,"href":"https:\/\/www.baustellentagebuch.de\/hansabruecke\/wp-json\/wp\/v2\/media\/1265"}],"wp:attachment":[{"href":"https:\/\/www.baustellentagebuch.de\/hansabruecke\/wp-json\/wp\/v2\/media?parent=1259"}],"wp:term":[{"taxonomy":"category","embeddable":true,"href":"https:\/\/www.baustellentagebuch.de\/hansabruecke\/wp-json\/wp\/v2\/categories?post=1259"},{"taxonomy":"post_tag","embeddable":true,"href":"https:\/\/www.baustellentagebuch.de\/hansabruecke\/wp-json\/wp\/v2\/tags?post=1259"}],"curies":[{"name":"wp","href":"https:\/\/api.w.org\/{rel}","templated":true}]}}