{"id":1622,"date":"2017-02-23T12:49:28","date_gmt":"2017-02-23T11:49:28","guid":{"rendered":"https:\/\/www.baustellentagebuch.de\/hansabruecke\/?p=1622"},"modified":"2017-02-23T12:50:15","modified_gmt":"2017-02-23T11:50:15","slug":"wochenendarbeit-wegen-unwetter","status":"publish","type":"post","link":"https:\/\/www.baustellentagebuch.de\/hansabruecke\/allgemein\/wochenendarbeit-wegen-unwetter\/","title":{"rendered":"Wochenendarbeit wegen Unwetter"},"content":{"rendered":"<div id=\"attachment_1623\" style=\"width: 310px\" class=\"wp-caption alignright\"><a href=\"https:\/\/www.baustellentagebuch.de\/hansabruecke\/wp-content\/uploads\/sites\/3\/2017\/02\/026.jpg\" target=\"_blank\" data-rel=\"lightbox-image-0\" data-rl_title=\"\" data-rl_caption=\"\" title=\"\"><img loading=\"lazy\" decoding=\"async\" aria-describedby=\"caption-attachment-1623\" class=\"wp-image-1623 size-medium\" src=\"https:\/\/www.baustellentagebuch.de\/hansabruecke\/wp-content\/uploads\/sites\/3\/2017\/02\/026-300x214.jpg\" alt=\"Hochwasser Hansabr\u00fccke\" width=\"300\" height=\"214\" \/><\/a><p id=\"caption-attachment-1623\" class=\"wp-caption-text\"><strong>Hochwasser:<\/strong> Die Werre steht fast bis an den oberen Rand des Spundverbaus am Mittelpfeiler. <em>Fotos: J\u00fcrgen Zander<\/em><\/p><\/div>\n<p>Seit gestern Mittag wird aufgrund der Regenf\u00e4lle in der Baustelle Hansabr\u00fccke nicht mehr gearbeitet. Durch das eintretende Hochwasser sind einige Stellen, an denen jetzt weiter gemacht werden m\u00fcsste, nur schwer zug\u00e4nglich. Zus\u00e4tzlich warnt die <a href=\"http:\/\/www.bbk.bund.de\/DE\/NINA\/Warn-App_NINA.html\" target=\"_blank\">App &#8222;Nina&#8220;<\/a> vor Sturmb\u00f6en im Kreis Herford.<\/p>\n<p><strong>Trotzdem soll am Montag betoniert werden.<\/strong> Stand heute Vormittag ist geplant, den Bewehrungsstahl an beiden Widerlagern am Freitag und auch am Samstag einzubauen.<\/p>\n<p>Ich werde in der kommenden Woche berichten, ob das geklappt hat.<\/p>\n<div id=\"attachment_1628\" style=\"width: 310px\" class=\"wp-caption aligncenter\"><a href=\"https:\/\/www.baustellentagebuch.de\/hansabruecke\/wp-content\/uploads\/sites\/3\/2017\/02\/031.jpg\" target=\"_blank\" data-rel=\"lightbox-image-1\" data-rl_title=\"\" data-rl_caption=\"\" title=\"\"><img loading=\"lazy\" decoding=\"async\" aria-describedby=\"caption-attachment-1628\" class=\"wp-image-1628 size-medium\" src=\"https:\/\/www.baustellentagebuch.de\/hansabruecke\/wp-content\/uploads\/sites\/3\/2017\/02\/031-300x225.jpg\" alt=\"Hochwasser Widerlager Goebenstra\u00dfe\" width=\"300\" height=\"225\" \/><\/a><p id=\"caption-attachment-1628\" class=\"wp-caption-text\"><strong>Schwer zug\u00e4nglich:<\/strong> Das Widerlager der Hansbr\u00fccke an der Goebenstra\u00dfe.<\/p><\/div>\n","protected":false},"excerpt":{"rendered":"<p>Seit gestern Mittag wird aufgrund der Regenf\u00e4lle in der Baustelle Hansabr\u00fccke nicht mehr gearbeitet. Durch das eintretende Hochwasser sind einige Stellen, an denen jetzt weiter gemacht werden m\u00fcsste, nur schwer zug\u00e4nglich. Zus\u00e4tzlich warnt die App &#8222;Nina&#8220; vor Sturmb\u00f6en im Kreis Herford. Trotzdem soll am Montag betoniert werden. Stand heute Vormittag ist geplant, den Bewehrungsstahl an [&hellip;]<\/p>\n","protected":false},"author":3,"featured_media":1623,"comment_status":"open","ping_status":"open","sticky":false,"template":"","format":"standard","meta":{"_genesis_hide_title":false,"_genesis_hide_breadcrumbs":false,"_genesis_hide_singular_image":false,"_genesis_hide_footer_widgets":false,"_genesis_custom_body_class":"","_genesis_custom_post_class":"","_genesis_layout":"","footnotes":""},"categories":[1],"tags":[],"class_list":{"0":"post-1622","1":"post","2":"type-post","3":"status-publish","4":"format-standard","5":"has-post-thumbnail","7":"category-allgemein","8":"entry"},"_links":{"self":[{"href":"https:\/\/www.baustellentagebuch.de\/hansabruecke\/wp-json\/wp\/v2\/posts\/1622","targetHints":{"allow":["GET"]}}],"collection":[{"href":"https:\/\/www.baustellentagebuch.de\/hansabruecke\/wp-json\/wp\/v2\/posts"}],"about":[{"href":"https:\/\/www.baustellentagebuch.de\/hansabruecke\/wp-json\/wp\/v2\/types\/post"}],"author":[{"embeddable":true,"href":"https:\/\/www.baustellentagebuch.de\/hansabruecke\/wp-json\/wp\/v2\/users\/3"}],"replies":[{"embeddable":true,"href":"https:\/\/www.baustellentagebuch.de\/hansabruecke\/wp-json\/wp\/v2\/comments?post=1622"}],"version-history":[{"count":8,"href":"https:\/\/www.baustellentagebuch.de\/hansabruecke\/wp-json\/wp\/v2\/posts\/1622\/revisions"}],"predecessor-version":[{"id":1632,"href":"https:\/\/www.baustellentagebuch.de\/hansabruecke\/wp-json\/wp\/v2\/posts\/1622\/revisions\/1632"}],"wp:featuredmedia":[{"embeddable":true,"href":"https:\/\/www.baustellentagebuch.de\/hansabruecke\/wp-json\/wp\/v2\/media\/1623"}],"wp:attachment":[{"href":"https:\/\/www.baustellentagebuch.de\/hansabruecke\/wp-json\/wp\/v2\/media?parent=1622"}],"wp:term":[{"taxonomy":"category","embeddable":true,"href":"https:\/\/www.baustellentagebuch.de\/hansabruecke\/wp-json\/wp\/v2\/categories?post=1622"},{"taxonomy":"post_tag","embeddable":true,"href":"https:\/\/www.baustellentagebuch.de\/hansabruecke\/wp-json\/wp\/v2\/tags?post=1622"}],"curies":[{"name":"wp","href":"https:\/\/api.w.org\/{rel}","templated":true}]}}