{"id":1633,"date":"2017-03-02T06:00:50","date_gmt":"2017-03-02T05:00:50","guid":{"rendered":"https:\/\/www.baustellentagebuch.de\/hansabruecke\/?p=1633"},"modified":"2017-03-01T20:49:16","modified_gmt":"2017-03-01T19:49:16","slug":"hansabruecke-naechste-vollsperrung-mitte-maerz","status":"publish","type":"post","link":"https:\/\/www.baustellentagebuch.de\/hansabruecke\/allgemein\/hansabruecke-naechste-vollsperrung-mitte-maerz\/","title":{"rendered":"Hansabr\u00fccke: N\u00e4chste Vollsperrung Mitte M\u00e4rz"},"content":{"rendered":"<div id=\"attachment_1635\" style=\"width: 310px\" class=\"wp-caption alignleft\"><a href=\"https:\/\/www.baustellentagebuch.de\/hansabruecke\/wp-content\/uploads\/sites\/3\/2017\/03\/IMG_7613.jpg\" target=\"_blank\" data-rel=\"lightbox-image-0\" data-rl_title=\"\" data-rl_caption=\"\" title=\"\"><img loading=\"lazy\" decoding=\"async\" aria-describedby=\"caption-attachment-1635\" class=\"wp-image-1635 size-medium\" src=\"https:\/\/www.baustellentagebuch.de\/hansabruecke\/wp-content\/uploads\/sites\/3\/2017\/03\/IMG_7613-300x225.jpg\" alt=\"Widerlager Hansabr\u00fccke\" width=\"300\" height=\"225\" srcset=\"https:\/\/www.baustellentagebuch.de\/hansabruecke\/wp-content\/uploads\/sites\/3\/2017\/03\/IMG_7613-300x225.jpg 300w, https:\/\/www.baustellentagebuch.de\/hansabruecke\/wp-content\/uploads\/sites\/3\/2017\/03\/IMG_7613-1024x768.jpg 1024w, https:\/\/www.baustellentagebuch.de\/hansabruecke\/wp-content\/uploads\/sites\/3\/2017\/03\/IMG_7613-768x576.jpg 768w, https:\/\/www.baustellentagebuch.de\/hansabruecke\/wp-content\/uploads\/sites\/3\/2017\/03\/IMG_7613-600x450.jpg 600w, https:\/\/www.baustellentagebuch.de\/hansabruecke\/wp-content\/uploads\/sites\/3\/2017\/03\/IMG_7613-1536x1152.jpg 1536w, https:\/\/www.baustellentagebuch.de\/hansabruecke\/wp-content\/uploads\/sites\/3\/2017\/03\/IMG_7613.jpg 1600w\" sizes=\"auto, (max-width: 300px) 100vw, 300px\" \/><\/a><p id=\"caption-attachment-1635\" class=\"wp-caption-text\"><strong>Verschalung ist fertig:<\/strong> Die r\u00fcckw\u00e4rtige Kammerwand des Widerlagers auf Seite der Goebenstra\u00dfe wird heute betoniert. <em>Fotos: Martin Spiering<\/em><\/p><\/div>\n<p><a href=\"https:\/\/www.baustellentagebuch.de\/hansabruecke\/allgemein\/wochenendarbeit-wegen-unwetter\">Wie angek\u00fcndigt<\/a> und geplant hat die <a href=\"http:\/\/www.wilhelm-scheidt-herford.de\/scheidt\/\" target=\"_blank\">Baufirma Scheidt<\/a> am Samstag gearbeitet und am Montag &#8211; trotz des Unwetters &#8211; die Auflagerbank der Hansabr\u00fccke betoniert. Kommende Woche stehen weitere Betonierarbeiten auf dem Programm. <strong>\u00dcbern\u00e4chste Woche wird die Hansabr\u00fccke dann voraussichtlich vom 13. bis 15. M\u00e4rz noch mal voll gesperrt<\/strong>, um die Stahltr\u00e4ger anzuliefern und zu montieren.<!--more--><\/p>\n<h2>Sperrtermin muss noch best\u00e4tigt werden<\/h2>\n<p>Die Tr\u00e4ger werden in der Nacht vom 13. auf den 14. M\u00e4rz und in darauf folgenden mit einem Schwertransport angeliefert, der tags\u00fcber nicht fahren darf. Bei Tagesanbruch kann es dann gleich mit der Montage losgehen. Am ersten Tag werden allerdings zun\u00e4chst die Betonschutzw\u00e4nde entfernt, die auf der Br\u00fccke am rechten Fahrbahnrand stehen. Die sorgen bei flie\u00dfendem Verkehr daf\u00fcr, dass kein Auto in die Werre st\u00fcrzt. Bei der Tr\u00e4germontage w\u00e4ren sie im Weg. <strong>Ob es wirklich bei dem Termin 13. bis 15. M\u00e4rz bleibt, h\u00e4ngt davon ab, ob die n\u00e4chsten Arbeitsg\u00e4nge wie geplant laufen.<\/strong><\/p>\n<h2><strong>Standort f\u00fcr den Kran schon hergerichtet<br \/>\n<\/strong><\/h2>\n<div id=\"attachment_1652\" style=\"width: 310px\" class=\"wp-caption alignright\"><a href=\"https:\/\/www.baustellentagebuch.de\/hansabruecke\/wp-content\/uploads\/sites\/3\/2017\/03\/IMG_7596.jpg\" target=\"_blank\" data-rel=\"lightbox-image-1\" data-rl_title=\"\" data-rl_caption=\"\" title=\"\"><img loading=\"lazy\" decoding=\"async\" aria-describedby=\"caption-attachment-1652\" class=\"wp-image-1652 size-medium\" src=\"https:\/\/www.baustellentagebuch.de\/hansabruecke\/wp-content\/uploads\/sites\/3\/2017\/03\/IMG_7596-300x225.jpg\" alt=\"Standort Kran\" width=\"300\" height=\"225\" srcset=\"https:\/\/www.baustellentagebuch.de\/hansabruecke\/wp-content\/uploads\/sites\/3\/2017\/03\/IMG_7596-300x225.jpg 300w, https:\/\/www.baustellentagebuch.de\/hansabruecke\/wp-content\/uploads\/sites\/3\/2017\/03\/IMG_7596-1024x768.jpg 1024w, https:\/\/www.baustellentagebuch.de\/hansabruecke\/wp-content\/uploads\/sites\/3\/2017\/03\/IMG_7596-768x576.jpg 768w, https:\/\/www.baustellentagebuch.de\/hansabruecke\/wp-content\/uploads\/sites\/3\/2017\/03\/IMG_7596-600x450.jpg 600w, https:\/\/www.baustellentagebuch.de\/hansabruecke\/wp-content\/uploads\/sites\/3\/2017\/03\/IMG_7596-1536x1152.jpg 1536w, https:\/\/www.baustellentagebuch.de\/hansabruecke\/wp-content\/uploads\/sites\/3\/2017\/03\/IMG_7596.jpg 1600w\" sizes=\"auto, (max-width: 300px) 100vw, 300px\" \/><\/a><p id=\"caption-attachment-1652\" class=\"wp-caption-text\"><strong>Stabilen Untergrund schaffen:<\/strong> Von dieser Stelle aus wird Mitte M\u00e4rz ein Autokran die Stahltr\u00e4ger und die Fahrbahnplatten auf die Hansabr\u00fccke heben.<\/p><\/div>\n<p>Auf Seite der Goebenstra\u00dfe wird heute die r\u00fcckw\u00e4rtige <a href=\"http:\/\/www.karl-gotsch.de\/Lexikon\/Widerlager.htm\" target=\"_blank\">Kammerwand<\/a> des Widerlagers betoniert. Betoniert wird auch auf dem Mittelpfeiler: Der Sockel f\u00fcr das Br\u00fcckenlager soll bis zum Wochenende fertig sein. Auf der Seite von Bugatti wird dieses Lager bereits eingesetzt und mit dem Unterbau verbunden. Die Baugrube hinter dem Lager wurde schon verf\u00fcllt und ist nicht mehr zu sehen.<\/p>\n<p>Am Ufer der Werre wird, jetzt wo das Hochwasser weg ist, schon mal ein Platz f\u00fcr den Autokran hergerichtet. Damit der Mitte M\u00e4rz zur Montage der Stahltr\u00e4ger vern\u00fcnftig zu seinem Standort fahren kann, nicht stecken bleibt und sicher steht, wurde Schotter eingebaut und zu einer ebenen Fl\u00e4che verdichtet.<\/p>\n<p>&nbsp;<\/p>\n<p>&nbsp;<\/p>\n","protected":false},"excerpt":{"rendered":"<p>Wie angek\u00fcndigt und geplant hat die Baufirma Scheidt am Samstag gearbeitet und am Montag &#8211; trotz des Unwetters &#8211; die Auflagerbank der Hansabr\u00fccke betoniert. Kommende Woche stehen weitere Betonierarbeiten auf dem Programm. \u00dcbern\u00e4chste Woche wird die Hansabr\u00fccke dann voraussichtlich vom 13. bis 15. M\u00e4rz noch mal voll gesperrt, um die Stahltr\u00e4ger anzuliefern und zu montieren.<\/p>\n","protected":false},"author":3,"featured_media":1635,"comment_status":"open","ping_status":"open","sticky":false,"template":"","format":"standard","meta":{"_genesis_hide_title":false,"_genesis_hide_breadcrumbs":false,"_genesis_hide_singular_image":false,"_genesis_hide_footer_widgets":false,"_genesis_custom_body_class":"","_genesis_custom_post_class":"","_genesis_layout":"","footnotes":""},"categories":[1],"tags":[],"class_list":{"0":"post-1633","1":"post","2":"type-post","3":"status-publish","4":"format-standard","5":"has-post-thumbnail","7":"category-allgemein","8":"entry"},"_links":{"self":[{"href":"https:\/\/www.baustellentagebuch.de\/hansabruecke\/wp-json\/wp\/v2\/posts\/1633","targetHints":{"allow":["GET"]}}],"collection":[{"href":"https:\/\/www.baustellentagebuch.de\/hansabruecke\/wp-json\/wp\/v2\/posts"}],"about":[{"href":"https:\/\/www.baustellentagebuch.de\/hansabruecke\/wp-json\/wp\/v2\/types\/post"}],"author":[{"embeddable":true,"href":"https:\/\/www.baustellentagebuch.de\/hansabruecke\/wp-json\/wp\/v2\/users\/3"}],"replies":[{"embeddable":true,"href":"https:\/\/www.baustellentagebuch.de\/hansabruecke\/wp-json\/wp\/v2\/comments?post=1633"}],"version-history":[{"count":18,"href":"https:\/\/www.baustellentagebuch.de\/hansabruecke\/wp-json\/wp\/v2\/posts\/1633\/revisions"}],"predecessor-version":[{"id":1653,"href":"https:\/\/www.baustellentagebuch.de\/hansabruecke\/wp-json\/wp\/v2\/posts\/1633\/revisions\/1653"}],"wp:featuredmedia":[{"embeddable":true,"href":"https:\/\/www.baustellentagebuch.de\/hansabruecke\/wp-json\/wp\/v2\/media\/1635"}],"wp:attachment":[{"href":"https:\/\/www.baustellentagebuch.de\/hansabruecke\/wp-json\/wp\/v2\/media?parent=1633"}],"wp:term":[{"taxonomy":"category","embeddable":true,"href":"https:\/\/www.baustellentagebuch.de\/hansabruecke\/wp-json\/wp\/v2\/categories?post=1633"},{"taxonomy":"post_tag","embeddable":true,"href":"https:\/\/www.baustellentagebuch.de\/hansabruecke\/wp-json\/wp\/v2\/tags?post=1633"}],"curies":[{"name":"wp","href":"https:\/\/api.w.org\/{rel}","templated":true}]}}