{"id":1838,"date":"2017-05-04T14:47:15","date_gmt":"2017-05-04T12:47:15","guid":{"rendered":"https:\/\/www.baustellentagebuch.de\/hansabruecke\/?p=1838"},"modified":"2017-05-04T14:48:24","modified_gmt":"2017-05-04T12:48:24","slug":"sperrtermin-11-mai-ist-gesetzt","status":"publish","type":"post","link":"https:\/\/www.baustellentagebuch.de\/hansabruecke\/allgemein\/sperrtermin-11-mai-ist-gesetzt\/","title":{"rendered":"Sperrtermin 11. Mai ist gesetzt"},"content":{"rendered":"<div id=\"attachment_1840\" style=\"width: 252px\" class=\"wp-caption alignright\"><a href=\"https:\/\/www.baustellentagebuch.de\/hansabruecke\/wp-content\/uploads\/sites\/3\/2017\/05\/IMG_8964.jpg\" target=\"_blank\" rel=\"noopener noreferrer\" data-rel=\"lightbox-image-0\" data-rl_title=\"\" data-rl_caption=\"\" title=\"\"><img loading=\"lazy\" decoding=\"async\" aria-describedby=\"caption-attachment-1840\" class=\"wp-image-1840 size-medium\" src=\"https:\/\/www.baustellentagebuch.de\/hansabruecke\/wp-content\/uploads\/sites\/3\/2017\/05\/IMG_8964-242x300.jpg\" alt=\"Verschalung unter Br\u00fccke\" width=\"242\" height=\"300\" srcset=\"https:\/\/www.baustellentagebuch.de\/hansabruecke\/wp-content\/uploads\/sites\/3\/2017\/05\/IMG_8964-242x300.jpg 242w, https:\/\/www.baustellentagebuch.de\/hansabruecke\/wp-content\/uploads\/sites\/3\/2017\/05\/IMG_8964-826x1024.jpg 826w, https:\/\/www.baustellentagebuch.de\/hansabruecke\/wp-content\/uploads\/sites\/3\/2017\/05\/IMG_8964-768x952.jpg 768w, https:\/\/www.baustellentagebuch.de\/hansabruecke\/wp-content\/uploads\/sites\/3\/2017\/05\/IMG_8964-600x744.jpg 600w, https:\/\/www.baustellentagebuch.de\/hansabruecke\/wp-content\/uploads\/sites\/3\/2017\/05\/IMG_8964.jpg 1194w\" sizes=\"auto, (max-width: 242px) 100vw, 242px\" \/><\/a><p id=\"caption-attachment-1840\" class=\"wp-caption-text\"><strong>F\u00e4llt nichts durch:<\/strong> Die Verschalung unterhalb der Hansabr\u00fccke sorgt daf\u00fcr, dass der frische Beton nicht durch den Schlitz f\u00e4llt. <em>Fotos: Martin Spiering<\/em><\/p><\/div>\n<p>Der bereits angek\u00fcndigte Termin f\u00fcr die n\u00e4chste Vollsperrung der Hansabr\u00fccke ist gesetzt. Zum vibrations- und ersch\u00fctterungsfreien <a href=\"https:\/\/de.wikipedia.org\/wiki\/Erstarren_(Baustoff)\" target=\"_blank\" rel=\"noopener noreferrer\">Abbinden<\/a> des Betons wird die Br\u00fccke <strong>vom Donnerstag, den 11. Mai nach 08:30 Uhr bis l\u00e4ngstens Montag, den 15. Mai circa 07:30 Uhr<\/strong> gesperrt. F\u00fcr Fu\u00dfg\u00e4nger und Radfahrer bleibt die Br\u00fccke frei. Wobei die Radfahrer absteigen und schieben sollen. Mit genauso wie ohne frischen Beton. \ud83d\ude09<!--more--><\/p>\n<h2>Sperrtermin aufs Wochenende gelegt<\/h2>\n<p>W\u00e4hrend der Vollsperrung &#8211; die extra so gelegt wurde, dass zwei Tage Wochenende ohne Berufsverkehr mit drin sind &#8211; gilt vor\u00fcbergehend wieder die <a href=\"https:\/\/www.baustellentagebuch.de\/hansabruecke\/wp-content\/uploads\/sites\/3\/2017\/03\/Umleitung-Hansabruecke-Grossraum.pdf\">ge\u00e4nderte Umleitungsstrecke<\/a>.<\/p>\n<p>Die vorbereitenden Arbeiten f\u00fcr die Verbindung der beiden Br\u00fcckenteile sind weitestgehend abgeschlossen. Der Schlitz zwischen den H\u00e4lften wurde unter der Br\u00fccke verschalt, sodass der frische Beton beim Einf\u00fcllen nicht direkt nach unten durchf\u00e4llt. Der Bewehrungsstahl ist komplett eingebaut. Terminlich sind wir also auf der sicheren Seiten.<\/p>\n<p>Daran \u00e4ndert auch die Tatsache nichts, dass es mit den <a href=\"https:\/\/www.baustellentagebuch.de\/hansabruecke\/allgemein\/lueckenschluss-unter-vollsperrung\">Arbeiten an den Entw\u00e4sserungssch\u00e4chten nicht wie angek\u00fcndigt am Dienstag<\/a>, sondern erst heute los ging.<\/p>\n<div id=\"attachment_1844\" style=\"width: 310px\" class=\"wp-caption aligncenter\"><a href=\"https:\/\/www.baustellentagebuch.de\/hansabruecke\/wp-content\/uploads\/sites\/3\/2017\/05\/IMG_8960.jpg\" target=\"_blank\" rel=\"noopener noreferrer\" data-rel=\"lightbox-image-1\" data-rl_title=\"\" data-rl_caption=\"\" title=\"\"><img loading=\"lazy\" decoding=\"async\" aria-describedby=\"caption-attachment-1844\" class=\"wp-image-1844 size-medium\" src=\"https:\/\/www.baustellentagebuch.de\/hansabruecke\/wp-content\/uploads\/sites\/3\/2017\/05\/IMG_8960-300x171.jpg\" alt=\"Gehwegkappe\" width=\"300\" height=\"171\" srcset=\"https:\/\/www.baustellentagebuch.de\/hansabruecke\/wp-content\/uploads\/sites\/3\/2017\/05\/IMG_8960-300x171.jpg 300w, https:\/\/www.baustellentagebuch.de\/hansabruecke\/wp-content\/uploads\/sites\/3\/2017\/05\/IMG_8960-1024x582.jpg 1024w, https:\/\/www.baustellentagebuch.de\/hansabruecke\/wp-content\/uploads\/sites\/3\/2017\/05\/IMG_8960-768x437.jpg 768w, https:\/\/www.baustellentagebuch.de\/hansabruecke\/wp-content\/uploads\/sites\/3\/2017\/05\/IMG_8960-600x341.jpg 600w, https:\/\/www.baustellentagebuch.de\/hansabruecke\/wp-content\/uploads\/sites\/3\/2017\/05\/IMG_8960-1536x874.jpg 1536w, https:\/\/www.baustellentagebuch.de\/hansabruecke\/wp-content\/uploads\/sites\/3\/2017\/05\/IMG_8960.jpg 1591w\" sizes=\"auto, (max-width: 300px) 100vw, 300px\" \/><\/a><p id=\"caption-attachment-1844\" class=\"wp-caption-text\"><strong>Das Holz ist weg:<\/strong> Auf der Br\u00fccke wurde die Verschalung der Gehwegkappe bereits wieder entfernt.<\/p><\/div>\n","protected":false},"excerpt":{"rendered":"<p>Der bereits angek\u00fcndigte Termin f\u00fcr die n\u00e4chste Vollsperrung der Hansabr\u00fccke ist gesetzt. Zum vibrations- und ersch\u00fctterungsfreien Abbinden des Betons wird die Br\u00fccke vom Donnerstag, den 11. Mai nach 08:30 Uhr bis l\u00e4ngstens Montag, den 15. Mai circa 07:30 Uhr gesperrt. F\u00fcr Fu\u00dfg\u00e4nger und Radfahrer bleibt die Br\u00fccke frei. Wobei die Radfahrer absteigen und schieben sollen. [&hellip;]<\/p>\n","protected":false},"author":3,"featured_media":1840,"comment_status":"open","ping_status":"open","sticky":false,"template":"","format":"standard","meta":{"_genesis_hide_title":false,"_genesis_hide_breadcrumbs":false,"_genesis_hide_singular_image":false,"_genesis_hide_footer_widgets":false,"_genesis_custom_body_class":"","_genesis_custom_post_class":"","_genesis_layout":"","footnotes":""},"categories":[1,18],"tags":[],"class_list":{"0":"post-1838","1":"post","2":"type-post","3":"status-publish","4":"format-standard","5":"has-post-thumbnail","7":"category-allgemein","8":"category-verkehrsfuehrung","9":"entry"},"_links":{"self":[{"href":"https:\/\/www.baustellentagebuch.de\/hansabruecke\/wp-json\/wp\/v2\/posts\/1838","targetHints":{"allow":["GET"]}}],"collection":[{"href":"https:\/\/www.baustellentagebuch.de\/hansabruecke\/wp-json\/wp\/v2\/posts"}],"about":[{"href":"https:\/\/www.baustellentagebuch.de\/hansabruecke\/wp-json\/wp\/v2\/types\/post"}],"author":[{"embeddable":true,"href":"https:\/\/www.baustellentagebuch.de\/hansabruecke\/wp-json\/wp\/v2\/users\/3"}],"replies":[{"embeddable":true,"href":"https:\/\/www.baustellentagebuch.de\/hansabruecke\/wp-json\/wp\/v2\/comments?post=1838"}],"version-history":[{"count":8,"href":"https:\/\/www.baustellentagebuch.de\/hansabruecke\/wp-json\/wp\/v2\/posts\/1838\/revisions"}],"predecessor-version":[{"id":1850,"href":"https:\/\/www.baustellentagebuch.de\/hansabruecke\/wp-json\/wp\/v2\/posts\/1838\/revisions\/1850"}],"wp:featuredmedia":[{"embeddable":true,"href":"https:\/\/www.baustellentagebuch.de\/hansabruecke\/wp-json\/wp\/v2\/media\/1840"}],"wp:attachment":[{"href":"https:\/\/www.baustellentagebuch.de\/hansabruecke\/wp-json\/wp\/v2\/media?parent=1838"}],"wp:term":[{"taxonomy":"category","embeddable":true,"href":"https:\/\/www.baustellentagebuch.de\/hansabruecke\/wp-json\/wp\/v2\/categories?post=1838"},{"taxonomy":"post_tag","embeddable":true,"href":"https:\/\/www.baustellentagebuch.de\/hansabruecke\/wp-json\/wp\/v2\/tags?post=1838"}],"curies":[{"name":"wp","href":"https:\/\/api.w.org\/{rel}","templated":true}]}}