{"id":1998,"date":"2017-06-27T13:45:03","date_gmt":"2017-06-27T11:45:03","guid":{"rendered":"https:\/\/www.baustellentagebuch.de\/hansabruecke\/?p=1998"},"modified":"2017-06-27T13:45:03","modified_gmt":"2017-06-27T11:45:03","slug":"verkehrsfreigabe-im-laufe-des-tages","status":"publish","type":"post","link":"https:\/\/www.baustellentagebuch.de\/hansabruecke\/allgemein\/verkehrsfreigabe-im-laufe-des-tages\/","title":{"rendered":"Verkehrsfreigabe im Laufe des Tages"},"content":{"rendered":"<div id=\"attachment_2021\" style=\"width: 310px\" class=\"wp-caption alignright\"><a href=\"https:\/\/www.baustellentagebuch.de\/hansabruecke\/wp-content\/uploads\/sites\/3\/2017\/06\/009.jpg\" target=\"_blank\" rel=\"noopener\" data-rel=\"lightbox-image-0\" data-rl_title=\"\" data-rl_caption=\"\" title=\"\"><img loading=\"lazy\" decoding=\"async\" aria-describedby=\"caption-attachment-2021\" class=\"wp-image-2021 size-medium\" src=\"https:\/\/www.baustellentagebuch.de\/hansabruecke\/wp-content\/uploads\/sites\/3\/2017\/06\/009-300x183.jpg\" alt=\"\" width=\"300\" height=\"183\" srcset=\"https:\/\/www.baustellentagebuch.de\/hansabruecke\/wp-content\/uploads\/sites\/3\/2017\/06\/009-300x183.jpg 300w, https:\/\/www.baustellentagebuch.de\/hansabruecke\/wp-content\/uploads\/sites\/3\/2017\/06\/009-1024x626.jpg 1024w, https:\/\/www.baustellentagebuch.de\/hansabruecke\/wp-content\/uploads\/sites\/3\/2017\/06\/009-768x469.jpg 768w, https:\/\/www.baustellentagebuch.de\/hansabruecke\/wp-content\/uploads\/sites\/3\/2017\/06\/009-600x367.jpg 600w, https:\/\/www.baustellentagebuch.de\/hansabruecke\/wp-content\/uploads\/sites\/3\/2017\/06\/009-1536x939.jpg 1536w, https:\/\/www.baustellentagebuch.de\/hansabruecke\/wp-content\/uploads\/sites\/3\/2017\/06\/009-2048x1251.jpg 2048w\" sizes=\"auto, (max-width: 300px) 100vw, 300px\" \/><\/a><p id=\"caption-attachment-2021\" class=\"wp-caption-text\"><strong>Vorhang wird noch gel\u00fcftet:<\/strong> Im Moment ist die provisorische Ampel an der Kreuzung noch abgedeckt. <em>Fotos: J\u00fcrgen Zander<\/em><\/p><\/div>\n<p>Wenn es gut l\u00e4uft, dann rollt der Feierabendverkehr heute wieder \u00fcber die Hansabr\u00fccke in Richtung Heimat. Wie schon bef\u00fcrchtet, wird die Br\u00fccke im Laufe des Tages zun\u00e4chst mit einer provisorischen Ampel freigegeben. Im Vergleich zu der sp\u00e4teren, fest installierten Ampel, hat die weniger Ausstattung. Trotzdem sollten wir damit f\u00fcr die n\u00e4chsten zwei bis drei Wochen gut leben k\u00f6nnen. Noch vor Beginn der Ferien wird die Br\u00fccke, <a href=\"https:\/\/www.baustellentagebuch.de\/hansabruecke\/allgemein\/beim-strassenbau-laeuft-alles-nach-plan\">wie schon angek\u00fcndigt<\/a>, offiziell eingeweiht. Jetzt kam es ja erstmal darauf an, die Bahn f\u00fcr das Morgen beginnende Hoeker-Fest frei zu machen. Dort werden \u00fcbrigens 150.000 bis 200.000 Besucher erwartet.<!--more--><\/p>\n<h2>Verkehrsabh\u00e4ngige Ampelschaltung<\/h2>\n<p>Die provisorische Ampel schaltet ihre Phasen nach einem festen Programm im immer gleichen Rhythmus. Au\u00dferdem fehlen ihr die extra Lichtsignale f\u00fcr Radfahrer. Die fahren in der \u00dcbergangszeit (so wie fr\u00fcher) einfach mit dem motorisierten Verkehr mit. Die neue Ampel wird nicht nur in diesem Punkt moderner sein. Wer wann rot, gelb oder gr\u00fcn bekommt, richtet sich nach der Verkehrslage, die von Schleifen in der Fahrbahn und Detektoren an der Ampel gemessen wird. Der Haken an der flexiblen Schaltung ist, dass sie die Programmierung aufw\u00e4ndiger macht. Deswegen ist es ganz gut, dass die Ampel &#8211; einmal in Betrieb genommen &#8211; nicht so oft programmiert werden muss. \ud83d\ude09<\/p>\n<div id=\"attachment_2024\" style=\"width: 310px\" class=\"wp-caption aligncenter\"><a href=\"https:\/\/www.baustellentagebuch.de\/hansabruecke\/wp-content\/uploads\/sites\/3\/2017\/06\/004.jpg\" target=\"_blank\" rel=\"noopener\" data-rel=\"lightbox-image-1\" data-rl_title=\"\" data-rl_caption=\"\" title=\"\"><img loading=\"lazy\" decoding=\"async\" aria-describedby=\"caption-attachment-2024\" class=\"wp-image-2024 size-medium\" src=\"https:\/\/www.baustellentagebuch.de\/hansabruecke\/wp-content\/uploads\/sites\/3\/2017\/06\/004-300x165.jpg\" alt=\"\" width=\"300\" height=\"165\" srcset=\"https:\/\/www.baustellentagebuch.de\/hansabruecke\/wp-content\/uploads\/sites\/3\/2017\/06\/004-300x165.jpg 300w, https:\/\/www.baustellentagebuch.de\/hansabruecke\/wp-content\/uploads\/sites\/3\/2017\/06\/004-1024x562.jpg 1024w, https:\/\/www.baustellentagebuch.de\/hansabruecke\/wp-content\/uploads\/sites\/3\/2017\/06\/004-768x421.jpg 768w, https:\/\/www.baustellentagebuch.de\/hansabruecke\/wp-content\/uploads\/sites\/3\/2017\/06\/004-600x329.jpg 600w, https:\/\/www.baustellentagebuch.de\/hansabruecke\/wp-content\/uploads\/sites\/3\/2017\/06\/004-1536x843.jpg 1536w, https:\/\/www.baustellentagebuch.de\/hansabruecke\/wp-content\/uploads\/sites\/3\/2017\/06\/004-2048x1124.jpg 2048w\" sizes=\"auto, (max-width: 300px) 100vw, 300px\" \/><\/a><p id=\"caption-attachment-2024\" class=\"wp-caption-text\"><strong>Wird einsatzbereit gemacht:<\/strong> Die provisorische Ampel in der Goebenstra\u00dfe.<\/p><\/div>\n<div id=\"attachment_2027\" style=\"width: 310px\" class=\"wp-caption alignright\"><a href=\"https:\/\/www.baustellentagebuch.de\/hansabruecke\/wp-content\/uploads\/sites\/3\/2017\/06\/002.jpg\" target=\"_blank\" rel=\"noopener\" data-rel=\"lightbox-image-2\" data-rl_title=\"\" data-rl_caption=\"\" title=\"\"><img loading=\"lazy\" decoding=\"async\" aria-describedby=\"caption-attachment-2027\" class=\"wp-image-2027 size-medium\" src=\"https:\/\/www.baustellentagebuch.de\/hansabruecke\/wp-content\/uploads\/sites\/3\/2017\/06\/002-300x225.jpg\" alt=\"\" width=\"300\" height=\"225\" srcset=\"https:\/\/www.baustellentagebuch.de\/hansabruecke\/wp-content\/uploads\/sites\/3\/2017\/06\/002-300x225.jpg 300w, https:\/\/www.baustellentagebuch.de\/hansabruecke\/wp-content\/uploads\/sites\/3\/2017\/06\/002-1024x768.jpg 1024w, https:\/\/www.baustellentagebuch.de\/hansabruecke\/wp-content\/uploads\/sites\/3\/2017\/06\/002-768x576.jpg 768w, https:\/\/www.baustellentagebuch.de\/hansabruecke\/wp-content\/uploads\/sites\/3\/2017\/06\/002-600x450.jpg 600w, https:\/\/www.baustellentagebuch.de\/hansabruecke\/wp-content\/uploads\/sites\/3\/2017\/06\/002-1536x1152.jpg 1536w, https:\/\/www.baustellentagebuch.de\/hansabruecke\/wp-content\/uploads\/sites\/3\/2017\/06\/002-2048x1536.jpg 2048w\" sizes=\"auto, (max-width: 300px) 100vw, 300px\" \/><\/a><p id=\"caption-attachment-2027\" class=\"wp-caption-text\"><strong>Restarbeiten am Gehweg:<\/strong> Die Pflasterer m\u00fcssen noch mal ran, um die L\u00f6cher zu schlie\u00dfen, durch die die Kabel der Ampelanlage erneuert wurden.<\/p><\/div>\n<p>Weil die Kabel der Ampel erneuert wurden, gibt es im B\u00fcrgersteig an allen Ecken des Kreuzungsbereichs noch L\u00f6cher. Die werden jetzt schnellstm\u00f6glich zugepflastert, damit dann auch die Fu\u00dfg\u00e4nger ohne Stolperfallen ganz geschmeidig \u00fcber die Hansabr\u00fccke und die Kreuzung kommen.<\/p>\n<p>Ich w\u00fcrde mich freuen, wenn Sie mir als Leser auch nach der Verkehrsfreigabe noch ein bisschen treu bleiben. Es gibt noch ein paar Restarbeiten, \u00fcber die ich berichten werde. Und die offizielle Einweihung wird im Baustellentagebuch nat\u00fcrlich auch nicht fehlen. \ud83d\ude42<\/p>\n","protected":false},"excerpt":{"rendered":"<p>Wenn es gut l\u00e4uft, dann rollt der Feierabendverkehr heute wieder \u00fcber die Hansabr\u00fccke in Richtung Heimat. Wie schon bef\u00fcrchtet, wird die Br\u00fccke im Laufe des Tages zun\u00e4chst mit einer provisorischen Ampel freigegeben. Im Vergleich zu der sp\u00e4teren, fest installierten Ampel, hat die weniger Ausstattung. Trotzdem sollten wir damit f\u00fcr die n\u00e4chsten zwei bis drei Wochen [&hellip;]<\/p>\n","protected":false},"author":3,"featured_media":2021,"comment_status":"open","ping_status":"open","sticky":false,"template":"","format":"standard","meta":{"_genesis_hide_title":false,"_genesis_hide_breadcrumbs":false,"_genesis_hide_singular_image":false,"_genesis_hide_footer_widgets":false,"_genesis_custom_body_class":"","_genesis_custom_post_class":"","_genesis_layout":"","footnotes":""},"categories":[1,18],"tags":[],"class_list":{"0":"post-1998","1":"post","2":"type-post","3":"status-publish","4":"format-standard","5":"has-post-thumbnail","7":"category-allgemein","8":"category-verkehrsfuehrung","9":"entry"},"_links":{"self":[{"href":"https:\/\/www.baustellentagebuch.de\/hansabruecke\/wp-json\/wp\/v2\/posts\/1998","targetHints":{"allow":["GET"]}}],"collection":[{"href":"https:\/\/www.baustellentagebuch.de\/hansabruecke\/wp-json\/wp\/v2\/posts"}],"about":[{"href":"https:\/\/www.baustellentagebuch.de\/hansabruecke\/wp-json\/wp\/v2\/types\/post"}],"author":[{"embeddable":true,"href":"https:\/\/www.baustellentagebuch.de\/hansabruecke\/wp-json\/wp\/v2\/users\/3"}],"replies":[{"embeddable":true,"href":"https:\/\/www.baustellentagebuch.de\/hansabruecke\/wp-json\/wp\/v2\/comments?post=1998"}],"version-history":[{"count":18,"href":"https:\/\/www.baustellentagebuch.de\/hansabruecke\/wp-json\/wp\/v2\/posts\/1998\/revisions"}],"predecessor-version":[{"id":2028,"href":"https:\/\/www.baustellentagebuch.de\/hansabruecke\/wp-json\/wp\/v2\/posts\/1998\/revisions\/2028"}],"wp:featuredmedia":[{"embeddable":true,"href":"https:\/\/www.baustellentagebuch.de\/hansabruecke\/wp-json\/wp\/v2\/media\/2021"}],"wp:attachment":[{"href":"https:\/\/www.baustellentagebuch.de\/hansabruecke\/wp-json\/wp\/v2\/media?parent=1998"}],"wp:term":[{"taxonomy":"category","embeddable":true,"href":"https:\/\/www.baustellentagebuch.de\/hansabruecke\/wp-json\/wp\/v2\/categories?post=1998"},{"taxonomy":"post_tag","embeddable":true,"href":"https:\/\/www.baustellentagebuch.de\/hansabruecke\/wp-json\/wp\/v2\/tags?post=1998"}],"curies":[{"name":"wp","href":"https:\/\/api.w.org\/{rel}","templated":true}]}}