{"id":2041,"date":"2017-07-10T17:02:38","date_gmt":"2017-07-10T15:02:38","guid":{"rendered":"https:\/\/www.baustellentagebuch.de\/hansabruecke\/?p=2041"},"modified":"2017-07-10T17:02:38","modified_gmt":"2017-07-10T15:02:38","slug":"offizielle-verkehrsfreigabe-am-mittwoch","status":"publish","type":"post","link":"https:\/\/www.baustellentagebuch.de\/hansabruecke\/allgemein\/offizielle-verkehrsfreigabe-am-mittwoch\/","title":{"rendered":"Offizielle Verkehrsfreigabe am Mittwoch"},"content":{"rendered":"<div id=\"attachment_2050\" style=\"width: 310px\" class=\"wp-caption alignright\"><a href=\"https:\/\/www.baustellentagebuch.de\/hansabruecke\/wp-content\/uploads\/sites\/3\/2017\/07\/DSC01252.jpg\" target=\"_blank\" rel=\"noopener\" data-rel=\"lightbox-image-0\" data-rl_title=\"\" data-rl_caption=\"\" title=\"\"><img loading=\"lazy\" decoding=\"async\" aria-describedby=\"caption-attachment-2050\" class=\"wp-image-2050 size-medium\" src=\"https:\/\/www.baustellentagebuch.de\/hansabruecke\/wp-content\/uploads\/sites\/3\/2017\/07\/DSC01252-300x196.jpg\" alt=\"\" width=\"300\" height=\"196\" srcset=\"https:\/\/www.baustellentagebuch.de\/hansabruecke\/wp-content\/uploads\/sites\/3\/2017\/07\/DSC01252-300x196.jpg 300w, https:\/\/www.baustellentagebuch.de\/hansabruecke\/wp-content\/uploads\/sites\/3\/2017\/07\/DSC01252-1024x667.jpg 1024w, https:\/\/www.baustellentagebuch.de\/hansabruecke\/wp-content\/uploads\/sites\/3\/2017\/07\/DSC01252-768x501.jpg 768w, https:\/\/www.baustellentagebuch.de\/hansabruecke\/wp-content\/uploads\/sites\/3\/2017\/07\/DSC01252-600x391.jpg 600w, https:\/\/www.baustellentagebuch.de\/hansabruecke\/wp-content\/uploads\/sites\/3\/2017\/07\/DSC01252-1536x1001.jpg 1536w, https:\/\/www.baustellentagebuch.de\/hansabruecke\/wp-content\/uploads\/sites\/3\/2017\/07\/DSC01252-2048x1335.jpg 2048w\" sizes=\"auto, (max-width: 300px) 100vw, 300px\" \/><\/a><p id=\"caption-attachment-2050\" class=\"wp-caption-text\"><strong>Wurde am Samstag aktiviert:<\/strong> Die alte Ampel mit den neuen Signalen f\u00fcr Radfahrer an der Kreuzung Hansastra\u00dfe, Goebenstra\u00dfe und Sophienstra\u00dfe. <em>Fotos: Martin Spiering<\/em><\/p><\/div>\n<p>Die \u00fcbergangsweise installierte Baustellenampel an der\u00a0Kreuzung Hansastra\u00dfe, Goebenstra\u00dfe und Sophienstra\u00dfe, wurde am vergangenen Samstag abgebaut. Seitdem regelt die regul\u00e4re Ampel wieder den Verkehr. Auch wenn nach wie vor noch kleinere Pflasterarbeiten zu erledigen sind, steht der offiziellen Einweihung der Hansabr\u00fccke damit nichts mehr im Wege. Am <strong>kommenden Mittwoch wird im Laufe des sp\u00e4ten Vormittags<\/strong> noch mal ein <a href=\"https:\/\/de.wikipedia.org\/wiki\/Absperrband\" target=\"_blank\" rel=\"noopener\">rot-wei\u00dfes Flatterband<\/a> \u00fcber die Stra\u00dfe gezogen, um gleich darauf von unserem <a href=\"https:\/\/www.kreis-herford.de\/Politik-Verwaltung\/Kreispolitik\/Landrat\" target=\"_blank\" rel=\"noopener\">Landrat J\u00fcrgen M\u00fcller<\/a> wieder durchgeschnitten zu werden.<!--more--><\/p>\n<h2>Keine Panik: Es geht ganz schnell<\/h2>\n<p>Falls Sie am kommenden Mittwoch \u00fcber die Hansabr\u00fccke fahren wollen und ausgerechnet vor Ihrem Wagen eine Gruppe von Menschen die Stra\u00dfe betritt: Keine Panik! Freundlich l\u00e4cheln! Es geht ganz schnell! \ud83d\ude09 Mit Flatterband absperren. Der Landrat huscht mit Schere auf die eine Seite. Die Pressevertreter huschen auf die andere. J\u00fcrgen M\u00fcller schneidet das Band durch. *Blitzlichtgewitter* Dann ist die Br\u00fccke wieder frei. Und dieses Mal endg\u00fcltig! \ud83d\ude42<\/p>\n<div id=\"attachment_2051\" style=\"width: 310px\" class=\"wp-caption alignright\"><a href=\"https:\/\/www.baustellentagebuch.de\/hansabruecke\/wp-content\/uploads\/sites\/3\/2017\/07\/DSC01254.jpg\" target=\"_blank\" rel=\"noopener\" data-rel=\"lightbox-image-1\" data-rl_title=\"\" data-rl_caption=\"\" title=\"\"><img loading=\"lazy\" decoding=\"async\" aria-describedby=\"caption-attachment-2051\" class=\"wp-image-2051 size-medium\" src=\"https:\/\/www.baustellentagebuch.de\/hansabruecke\/wp-content\/uploads\/sites\/3\/2017\/07\/DSC01254-300x191.jpg\" alt=\"\" width=\"300\" height=\"191\" srcset=\"https:\/\/www.baustellentagebuch.de\/hansabruecke\/wp-content\/uploads\/sites\/3\/2017\/07\/DSC01254-300x191.jpg 300w, https:\/\/www.baustellentagebuch.de\/hansabruecke\/wp-content\/uploads\/sites\/3\/2017\/07\/DSC01254-1024x652.jpg 1024w, https:\/\/www.baustellentagebuch.de\/hansabruecke\/wp-content\/uploads\/sites\/3\/2017\/07\/DSC01254-768x489.jpg 768w, https:\/\/www.baustellentagebuch.de\/hansabruecke\/wp-content\/uploads\/sites\/3\/2017\/07\/DSC01254-600x382.jpg 600w, https:\/\/www.baustellentagebuch.de\/hansabruecke\/wp-content\/uploads\/sites\/3\/2017\/07\/DSC01254-1536x978.jpg 1536w, https:\/\/www.baustellentagebuch.de\/hansabruecke\/wp-content\/uploads\/sites\/3\/2017\/07\/DSC01254-2048x1304.jpg 2048w\" sizes=\"auto, (max-width: 300px) 100vw, 300px\" \/><\/a><p id=\"caption-attachment-2051\" class=\"wp-caption-text\"><strong>Mistwetter:<\/strong> Als es heute Morgen mit den Pflasterarbeiten los ging, sch\u00fcttete es noch wie aus Eimern. Jetzt ist nur noch der Boden nass.<\/p><\/div>\n<p>Die Pflasterkolonne gibt sich die gr\u00f6\u00dfte M\u00fche, bis \u00dcbermorgen die letzten L\u00fccken im B\u00fcrgersteig zu schlie\u00dfen. Schlie\u00dflich soll beim offiziellen Verkehrsfreigabetermin alles schick aussehen. Falls es nicht klappen sollte, wird der Rest heimlich, still und leise im Anschluss erledigt. Davon merken Sie als Verkehrsteilnehmer dann auch nichts.<\/p>\n<div id=\"attachment_2055\" style=\"width: 310px\" class=\"wp-caption aligncenter\"><a href=\"https:\/\/www.baustellentagebuch.de\/hansabruecke\/wp-content\/uploads\/sites\/3\/2017\/07\/DSC01256.jpg\" target=\"_blank\" rel=\"noopener\" data-rel=\"lightbox-image-2\" data-rl_title=\"\" data-rl_caption=\"\" title=\"\"><img loading=\"lazy\" decoding=\"async\" aria-describedby=\"caption-attachment-2055\" class=\"wp-image-2055 size-medium\" src=\"https:\/\/www.baustellentagebuch.de\/hansabruecke\/wp-content\/uploads\/sites\/3\/2017\/07\/DSC01256-300x162.jpg\" alt=\"Pflasterarbeiten Gehweg\" width=\"300\" height=\"162\" srcset=\"https:\/\/www.baustellentagebuch.de\/hansabruecke\/wp-content\/uploads\/sites\/3\/2017\/07\/DSC01256-300x162.jpg 300w, https:\/\/www.baustellentagebuch.de\/hansabruecke\/wp-content\/uploads\/sites\/3\/2017\/07\/DSC01256-1024x553.jpg 1024w, https:\/\/www.baustellentagebuch.de\/hansabruecke\/wp-content\/uploads\/sites\/3\/2017\/07\/DSC01256-768x415.jpg 768w, https:\/\/www.baustellentagebuch.de\/hansabruecke\/wp-content\/uploads\/sites\/3\/2017\/07\/DSC01256-600x324.jpg 600w, https:\/\/www.baustellentagebuch.de\/hansabruecke\/wp-content\/uploads\/sites\/3\/2017\/07\/DSC01256-1536x830.jpg 1536w, https:\/\/www.baustellentagebuch.de\/hansabruecke\/wp-content\/uploads\/sites\/3\/2017\/07\/DSC01256-2048x1107.jpg 2048w\" sizes=\"auto, (max-width: 300px) 100vw, 300px\" \/><\/a><p id=\"caption-attachment-2055\" class=\"wp-caption-text\"><strong>Flotte Verleger:<\/strong> Auch vor Krummacker soll der Gehweg bis Mittwoch fertig werden.<\/p><\/div>\n<p>&nbsp;<\/p>\n","protected":false},"excerpt":{"rendered":"<p>Die \u00fcbergangsweise installierte Baustellenampel an der\u00a0Kreuzung Hansastra\u00dfe, Goebenstra\u00dfe und Sophienstra\u00dfe, wurde am vergangenen Samstag abgebaut. Seitdem regelt die regul\u00e4re Ampel wieder den Verkehr. Auch wenn nach wie vor noch kleinere Pflasterarbeiten zu erledigen sind, steht der offiziellen Einweihung der Hansabr\u00fccke damit nichts mehr im Wege. Am kommenden Mittwoch wird im Laufe des sp\u00e4ten Vormittags noch [&hellip;]<\/p>\n","protected":false},"author":3,"featured_media":2051,"comment_status":"open","ping_status":"open","sticky":false,"template":"","format":"standard","meta":{"_genesis_hide_title":false,"_genesis_hide_breadcrumbs":false,"_genesis_hide_singular_image":false,"_genesis_hide_footer_widgets":false,"_genesis_custom_body_class":"","_genesis_custom_post_class":"","_genesis_layout":"","footnotes":""},"categories":[1],"tags":[],"class_list":{"0":"post-2041","1":"post","2":"type-post","3":"status-publish","4":"format-standard","5":"has-post-thumbnail","7":"category-allgemein","8":"entry"},"_links":{"self":[{"href":"https:\/\/www.baustellentagebuch.de\/hansabruecke\/wp-json\/wp\/v2\/posts\/2041","targetHints":{"allow":["GET"]}}],"collection":[{"href":"https:\/\/www.baustellentagebuch.de\/hansabruecke\/wp-json\/wp\/v2\/posts"}],"about":[{"href":"https:\/\/www.baustellentagebuch.de\/hansabruecke\/wp-json\/wp\/v2\/types\/post"}],"author":[{"embeddable":true,"href":"https:\/\/www.baustellentagebuch.de\/hansabruecke\/wp-json\/wp\/v2\/users\/3"}],"replies":[{"embeddable":true,"href":"https:\/\/www.baustellentagebuch.de\/hansabruecke\/wp-json\/wp\/v2\/comments?post=2041"}],"version-history":[{"count":12,"href":"https:\/\/www.baustellentagebuch.de\/hansabruecke\/wp-json\/wp\/v2\/posts\/2041\/revisions"}],"predecessor-version":[{"id":2058,"href":"https:\/\/www.baustellentagebuch.de\/hansabruecke\/wp-json\/wp\/v2\/posts\/2041\/revisions\/2058"}],"wp:featuredmedia":[{"embeddable":true,"href":"https:\/\/www.baustellentagebuch.de\/hansabruecke\/wp-json\/wp\/v2\/media\/2051"}],"wp:attachment":[{"href":"https:\/\/www.baustellentagebuch.de\/hansabruecke\/wp-json\/wp\/v2\/media?parent=2041"}],"wp:term":[{"taxonomy":"category","embeddable":true,"href":"https:\/\/www.baustellentagebuch.de\/hansabruecke\/wp-json\/wp\/v2\/categories?post=2041"},{"taxonomy":"post_tag","embeddable":true,"href":"https:\/\/www.baustellentagebuch.de\/hansabruecke\/wp-json\/wp\/v2\/tags?post=2041"}],"curies":[{"name":"wp","href":"https:\/\/api.w.org\/{rel}","templated":true}]}}