{"id":304,"date":"2016-01-22T13:00:04","date_gmt":"2016-01-22T12:00:04","guid":{"rendered":"https:\/\/www.baustellentagebuch.de\/hansabruecke\/?p=304"},"modified":"2016-01-28T16:25:20","modified_gmt":"2016-01-28T15:25:20","slug":"zu-kalt-zum-schneiden","status":"publish","type":"post","link":"https:\/\/www.baustellentagebuch.de\/hansabruecke\/allgemein\/zu-kalt-zum-schneiden\/","title":{"rendered":"Zu kalt zum schneiden"},"content":{"rendered":"<p>Die knackige K\u00e4lte sorgt gerade f\u00fcr Verz\u00f6gerungen bei den Abrissarbeiten an der Hansabr\u00fccke. Eigentlich sollten noch Schneidarbeiten an den Widerlagern durchgef\u00fchrt werden. Das dabei zur K\u00fchlung des S\u00e4geblattes und zur Verminderung der Staubbelastung f\u00fcr die Anwohner eingesetzte Wasser, w\u00fcrde allerdings in der Leitung gefrieren.<\/p>\n<div id=\"attachment_323\" style=\"width: 195px\" class=\"wp-caption aligncenter\"><a href=\"https:\/\/www.baustellentagebuch.de\/hansabruecke\/wp-content\/uploads\/sites\/3\/2016\/01\/IMG_0033.jpg\" target=\"_blank\" rel=\"attachment wp-att-323\" data-rel=\"lightbox-image-0\" data-rl_title=\"\" data-rl_caption=\"\" title=\"\"><img loading=\"lazy\" decoding=\"async\" aria-describedby=\"caption-attachment-323\" class=\"wp-image-323 size-medium\" src=\"https:\/\/www.baustellentagebuch.de\/hansabruecke\/wp-content\/uploads\/sites\/3\/2016\/01\/IMG_0033-185x300.jpg\" alt=\"IMG_0033\" width=\"185\" height=\"300\" srcset=\"https:\/\/www.baustellentagebuch.de\/hansabruecke\/wp-content\/uploads\/sites\/3\/2016\/01\/IMG_0033-185x300.jpg 185w, https:\/\/www.baustellentagebuch.de\/hansabruecke\/wp-content\/uploads\/sites\/3\/2016\/01\/IMG_0033.jpg 425w\" sizes=\"auto, (max-width: 185px) 100vw, 185px\" \/><\/a><p id=\"caption-attachment-323\" class=\"wp-caption-text\"><strong>Schnittstelle:<\/strong> Um das Mittelteil des Widerlagers herausbrechen zu k\u00f6nnen, wird es links und rechts senkrecht bis auf H\u00f6he der mit &#8222;-3,30&#8220; rosa markierten Pfeilspitze eingeschnitten. <em>Foto: J\u00fcrgen Zander<\/em><\/p><\/div>\n<p>Ich habe geh\u00f6rt, dass es n\u00e4chste Woche fast schon warm werden soll. Wenn das so kommt, dann wird das S\u00e4geblatt sofort in Position gebracht.<\/p>\n<div id=\"attachment_311\" style=\"width: 254px\" class=\"wp-caption aligncenter\"><a href=\"https:\/\/www.baustellentagebuch.de\/hansabruecke\/wp-content\/uploads\/sites\/3\/2016\/01\/IMG_0022.jpg\" target=\"_blank\" rel=\"attachment wp-att-311\" data-rel=\"lightbox-image-1\" data-rl_title=\"\" data-rl_caption=\"\" title=\"\"><img loading=\"lazy\" decoding=\"async\" aria-describedby=\"caption-attachment-311\" class=\"wp-image-311 size-medium\" src=\"https:\/\/www.baustellentagebuch.de\/hansabruecke\/wp-content\/uploads\/sites\/3\/2016\/01\/IMG_0022-244x300.jpg\" alt=\"IMG_0022\" width=\"244\" height=\"300\" srcset=\"https:\/\/www.baustellentagebuch.de\/hansabruecke\/wp-content\/uploads\/sites\/3\/2016\/01\/IMG_0022-244x300.jpg 244w, https:\/\/www.baustellentagebuch.de\/hansabruecke\/wp-content\/uploads\/sites\/3\/2016\/01\/IMG_0022-834x1024.jpg 834w, https:\/\/www.baustellentagebuch.de\/hansabruecke\/wp-content\/uploads\/sites\/3\/2016\/01\/IMG_0022-768x943.jpg 768w, https:\/\/www.baustellentagebuch.de\/hansabruecke\/wp-content\/uploads\/sites\/3\/2016\/01\/IMG_0022-600x737.jpg 600w, https:\/\/www.baustellentagebuch.de\/hansabruecke\/wp-content\/uploads\/sites\/3\/2016\/01\/IMG_0022.jpg 1212w\" sizes=\"auto, (max-width: 244px) 100vw, 244px\" \/><\/a><p id=\"caption-attachment-311\" class=\"wp-caption-text\"><strong>Stahlgeflecht:<\/strong> Der Bewehrungsstahl h\u00e4ngt aus dem bereits zur H\u00e4lfte abgerissenen Mittelpfeiler heraus, wie ein paar vom Wind zersauste, d\u00fcnne Haare. <em>Foto: J\u00fcrgen Zander<\/em><\/p><\/div>\n","protected":false},"excerpt":{"rendered":"<p>Die knackige K\u00e4lte sorgt gerade f\u00fcr Verz\u00f6gerungen bei den Abrissarbeiten an der Hansabr\u00fccke. Eigentlich sollten noch Schneidarbeiten an den Widerlagern durchgef\u00fchrt werden. Das dabei zur K\u00fchlung des S\u00e4geblattes und zur Verminderung der Staubbelastung f\u00fcr die Anwohner eingesetzte Wasser, w\u00fcrde allerdings in der Leitung gefrieren. Ich habe geh\u00f6rt, dass es n\u00e4chste Woche fast schon warm werden [&hellip;]<\/p>\n","protected":false},"author":3,"featured_media":323,"comment_status":"open","ping_status":"open","sticky":false,"template":"","format":"standard","meta":{"_genesis_hide_title":false,"_genesis_hide_breadcrumbs":false,"_genesis_hide_singular_image":false,"_genesis_hide_footer_widgets":false,"_genesis_custom_body_class":"","_genesis_custom_post_class":"","_genesis_layout":"","footnotes":""},"categories":[1,8],"tags":[],"class_list":{"0":"post-304","1":"post","2":"type-post","3":"status-publish","4":"format-standard","5":"has-post-thumbnail","7":"category-allgemein","8":"category-brueckenbau","9":"entry"},"_links":{"self":[{"href":"https:\/\/www.baustellentagebuch.de\/hansabruecke\/wp-json\/wp\/v2\/posts\/304","targetHints":{"allow":["GET"]}}],"collection":[{"href":"https:\/\/www.baustellentagebuch.de\/hansabruecke\/wp-json\/wp\/v2\/posts"}],"about":[{"href":"https:\/\/www.baustellentagebuch.de\/hansabruecke\/wp-json\/wp\/v2\/types\/post"}],"author":[{"embeddable":true,"href":"https:\/\/www.baustellentagebuch.de\/hansabruecke\/wp-json\/wp\/v2\/users\/3"}],"replies":[{"embeddable":true,"href":"https:\/\/www.baustellentagebuch.de\/hansabruecke\/wp-json\/wp\/v2\/comments?post=304"}],"version-history":[{"count":14,"href":"https:\/\/www.baustellentagebuch.de\/hansabruecke\/wp-json\/wp\/v2\/posts\/304\/revisions"}],"predecessor-version":[{"id":330,"href":"https:\/\/www.baustellentagebuch.de\/hansabruecke\/wp-json\/wp\/v2\/posts\/304\/revisions\/330"}],"wp:featuredmedia":[{"embeddable":true,"href":"https:\/\/www.baustellentagebuch.de\/hansabruecke\/wp-json\/wp\/v2\/media\/323"}],"wp:attachment":[{"href":"https:\/\/www.baustellentagebuch.de\/hansabruecke\/wp-json\/wp\/v2\/media?parent=304"}],"wp:term":[{"taxonomy":"category","embeddable":true,"href":"https:\/\/www.baustellentagebuch.de\/hansabruecke\/wp-json\/wp\/v2\/categories?post=304"},{"taxonomy":"post_tag","embeddable":true,"href":"https:\/\/www.baustellentagebuch.de\/hansabruecke\/wp-json\/wp\/v2\/tags?post=304"}],"curies":[{"name":"wp","href":"https:\/\/api.w.org\/{rel}","templated":true}]}}