{"id":332,"date":"2016-02-01T16:20:28","date_gmt":"2016-02-01T15:20:28","guid":{"rendered":"https:\/\/www.baustellentagebuch.de\/hansabruecke\/?p=332"},"modified":"2016-02-01T16:27:16","modified_gmt":"2016-02-01T15:27:16","slug":"332","status":"publish","type":"post","link":"https:\/\/www.baustellentagebuch.de\/hansabruecke\/allgemein\/332\/","title":{"rendered":"Weitere Einschnitte"},"content":{"rendered":"<p>Am <a href=\"https:\/\/de.wikipedia.org\/wiki\/Widerlager_(Br\u00fcckenbau)\" target=\"_blank\">Widerlager<\/a> der Hansabr\u00fccke werden in dieser Woche auf der Westseite (Goebenstra\u00dfe) weitere Schnitte gemacht, um es aus der Br\u00fcckenkonstruktion herauszul\u00f6sen. Erst danach kann es abgerissen werden. Spannend macht diesen Arbeitsgang die Garagenwand eines Anliegers, die im Moment noch mit dem Lager verbunden ist. Bevor die <a href=\"https:\/\/de.wikipedia.org\/wiki\/Winkelschleifer\" target=\"_blank\">Flex<\/a> auch nur angesetzt werden kann, muss die Standfestigkeit dieser Mauer sichergestellt werden.<\/p>\n<div id=\"attachment_337\" style=\"width: 251px\" class=\"wp-caption aligncenter\"><a href=\"https:\/\/www.baustellentagebuch.de\/hansabruecke\/wp-content\/uploads\/sites\/3\/2016\/02\/IMG_0059.jpg\" target=\"_blank\" rel=\"attachment wp-att-337\" data-rel=\"lightbox-image-0\" data-rl_title=\"\" data-rl_caption=\"\" title=\"\"><img loading=\"lazy\" decoding=\"async\" aria-describedby=\"caption-attachment-337\" class=\"wp-image-337 size-medium\" src=\"https:\/\/www.baustellentagebuch.de\/hansabruecke\/wp-content\/uploads\/sites\/3\/2016\/02\/IMG_0059-241x300.jpg\" alt=\"IMG_0059\" width=\"241\" height=\"300\" srcset=\"https:\/\/www.baustellentagebuch.de\/hansabruecke\/wp-content\/uploads\/sites\/3\/2016\/02\/IMG_0059-241x300.jpg 241w, https:\/\/www.baustellentagebuch.de\/hansabruecke\/wp-content\/uploads\/sites\/3\/2016\/02\/IMG_0059-824x1024.jpg 824w, https:\/\/www.baustellentagebuch.de\/hansabruecke\/wp-content\/uploads\/sites\/3\/2016\/02\/IMG_0059-768x955.jpg 768w, https:\/\/www.baustellentagebuch.de\/hansabruecke\/wp-content\/uploads\/sites\/3\/2016\/02\/IMG_0059-600x746.jpg 600w, https:\/\/www.baustellentagebuch.de\/hansabruecke\/wp-content\/uploads\/sites\/3\/2016\/02\/IMG_0059.jpg 1216w\" sizes=\"auto, (max-width: 241px) 100vw, 241px\" \/><\/a><p id=\"caption-attachment-337\" class=\"wp-caption-text\"><strong>Muss in Zukunft alleine klar kommen:<\/strong> Die Garagenwand eines Anliegers, die im Moment noch vom Br\u00fcckenlager gest\u00fctzt wird. <em>Fotos: J\u00fcrgen Zander<\/em><\/p><\/div>\n<p>Oben gelb und grau, unten schwarz, das ist die Mauer die es zu retten gilt (Bild oben). Gut zu sehen ist das helle Widerlager, das \u00fcber das dunklere und leicht angeschr\u00e4gte St\u00fcck mit der Wand verbunden ist und ihr den n\u00f6tigen Halt gibt. Genau vor der Au\u00dfenseite der Garage soll das Br\u00fcckenlager durchgeschnitten werden. &#8222;Vorher wird das unter der Mauer schon vorhandene Fundament aber noch unterf\u00fcttert und mit Beton verst\u00e4rkt&#8220;, erkl\u00e4rt <a href=\"https:\/\/www.baustellentagebuch.de\/hansabruecke\/ansprechpartner\" target=\"_blank\">J\u00fcrgen Zander<\/a> vom Kreis Herford. Zus\u00e4tzlich wird die Seite der Mauer entweder mit einer weiteren Mauer unterst\u00fctzt oder auch betoniert. Das wird noch festgelegt. &#8222;Wir wollen schlie\u00dflich nicht, dass die Wand nachher in der Baugrube liegt&#8220;, betont Zander.<\/p>\n<div id=\"attachment_335\" style=\"width: 310px\" class=\"wp-caption aligncenter\"><a href=\"https:\/\/www.baustellentagebuch.de\/hansabruecke\/wp-content\/uploads\/sites\/3\/2016\/02\/IMG_0051.jpg\" target=\"_blank\" rel=\"attachment wp-att-335\" data-rel=\"lightbox-image-1\" data-rl_title=\"\" data-rl_caption=\"\" title=\"\"><img loading=\"lazy\" decoding=\"async\" aria-describedby=\"caption-attachment-335\" class=\"wp-image-335 size-medium\" src=\"https:\/\/www.baustellentagebuch.de\/hansabruecke\/wp-content\/uploads\/sites\/3\/2016\/02\/IMG_0051-300x297.jpg\" alt=\"IMG_0051\" width=\"300\" height=\"297\" srcset=\"https:\/\/www.baustellentagebuch.de\/hansabruecke\/wp-content\/uploads\/sites\/3\/2016\/02\/IMG_0051-300x297.jpg 300w, https:\/\/www.baustellentagebuch.de\/hansabruecke\/wp-content\/uploads\/sites\/3\/2016\/02\/IMG_0051-1024x1015.jpg 1024w, https:\/\/www.baustellentagebuch.de\/hansabruecke\/wp-content\/uploads\/sites\/3\/2016\/02\/IMG_0051-150x150.jpg 150w, https:\/\/www.baustellentagebuch.de\/hansabruecke\/wp-content\/uploads\/sites\/3\/2016\/02\/IMG_0051-768x761.jpg 768w, https:\/\/www.baustellentagebuch.de\/hansabruecke\/wp-content\/uploads\/sites\/3\/2016\/02\/IMG_0051-600x595.jpg 600w, https:\/\/www.baustellentagebuch.de\/hansabruecke\/wp-content\/uploads\/sites\/3\/2016\/02\/IMG_0051.jpg 1275w\" sizes=\"auto, (max-width: 300px) 100vw, 300px\" \/><\/a><p id=\"caption-attachment-335\" class=\"wp-caption-text\"><strong>Ganz sch\u00f6ner Bello:<\/strong> Das freigelegte Fundament der Ferngasleitung auf der Ostseite der Hansabr\u00fccke.<\/p><\/div>\n<p>Das Fundament der <a href=\"https:\/\/www.baustellentagebuch.de\/hansabruecke\/allgemein\/nicht-gesucht-und-doch-gefunden\">alten Gasleitung<\/a> ist mit 0,8 x 2,0 x 6,0 Metern ein ganz sch\u00f6n dicker Brocken und muss vor dem &#8222;Ausbau&#8220; zerteilt werden. Wie gro\u00df so ein Fundament ist, kann man auf der anderen Seite der Br\u00fccke noch viel besser sehen (Foto oben). Da ist auch super zu erkennen, dass die alte Gasleitung bei der Au\u00dferbetriebnahme mit dem stark aufquellenden <a href=\"https:\/\/de.wikipedia.org\/wiki\/Bentonit\" target=\"_blank\">Betonit<\/a> verschlossen wurde.<\/p>\n<p><span style=\"text-decoration: underline;\">Der aktuelle Zeitplan:<\/span><\/p>\n<p><strong>Diese Woche<\/strong> die Garagenwand sichern und die Schneidarbeiten am Br\u00fcckenlager abschliessen.<br \/>\n<strong>N\u00e4chste Woche<\/strong> das Br\u00fcckenlager auf Seite der Goebenstra\u00dfe und auf beiden Seiten der Hansbr\u00fccke die Fundamente der alten Gasleitung abreissen.<\/p>\n<p>Auf der Suche nach Harmonie und Einigkeit fand sich heute in der Baustelle \u00fcbrigens eine gro\u00dfe Runde geballten Ingenieurwissens ein, um zu besprechen, wie mit den leider ungeplant aufgetauchten Fundamenten der alten Ferngasleitung am besten umgegangen wird.<\/p>\n<div id=\"attachment_334\" style=\"width: 310px\" class=\"wp-caption aligncenter\"><a href=\"https:\/\/www.baustellentagebuch.de\/hansabruecke\/wp-content\/uploads\/sites\/3\/2016\/02\/IMG_0047.jpg\" target=\"_blank\" rel=\"attachment wp-att-334\" data-rel=\"lightbox-image-2\" data-rl_title=\"\" data-rl_caption=\"\" title=\"\"><img loading=\"lazy\" decoding=\"async\" aria-describedby=\"caption-attachment-334\" class=\"wp-image-334 size-medium\" src=\"https:\/\/www.baustellentagebuch.de\/hansabruecke\/wp-content\/uploads\/sites\/3\/2016\/02\/IMG_0047-300x265.jpg\" alt=\"IMG_0047\" width=\"300\" height=\"265\" srcset=\"https:\/\/www.baustellentagebuch.de\/hansabruecke\/wp-content\/uploads\/sites\/3\/2016\/02\/IMG_0047-300x265.jpg 300w, https:\/\/www.baustellentagebuch.de\/hansabruecke\/wp-content\/uploads\/sites\/3\/2016\/02\/IMG_0047-1024x904.jpg 1024w, https:\/\/www.baustellentagebuch.de\/hansabruecke\/wp-content\/uploads\/sites\/3\/2016\/02\/IMG_0047-768x678.jpg 768w, https:\/\/www.baustellentagebuch.de\/hansabruecke\/wp-content\/uploads\/sites\/3\/2016\/02\/IMG_0047-600x529.jpg 600w, https:\/\/www.baustellentagebuch.de\/hansabruecke\/wp-content\/uploads\/sites\/3\/2016\/02\/IMG_0047.jpg 1276w\" sizes=\"auto, (max-width: 300px) 100vw, 300px\" \/><\/a><p id=\"caption-attachment-334\" class=\"wp-caption-text\"><strong>Gro\u00dfe Runde:<\/strong> (v. l.) Martin Spiering (Bauleiter vor Ort), Andreas Balzar (verdeckt, Gesch\u00e4ftsf\u00fchrer Wilhelm Scheidt Bauunternehmung), Thomas Kortfunke (Bauleiter Fa. Scheidt, zeigt zum Fundament), Herr Schurwanz (Bauleiter Ingenieurb\u00fcro Krebs + Kiefer Berlin), Krissan Guske (Planer K+K Berlin)<\/p><\/div>\n","protected":false},"excerpt":{"rendered":"<p>Am Widerlager der Hansabr\u00fccke werden in dieser Woche auf der Westseite (Goebenstra\u00dfe) weitere Schnitte gemacht, um es aus der Br\u00fcckenkonstruktion herauszul\u00f6sen. Erst danach kann es abgerissen werden. Spannend macht diesen Arbeitsgang die Garagenwand eines Anliegers, die im Moment noch mit dem Lager verbunden ist. Bevor die Flex auch nur angesetzt werden kann, muss die Standfestigkeit [&hellip;]<\/p>\n","protected":false},"author":3,"featured_media":334,"comment_status":"open","ping_status":"open","sticky":false,"template":"","format":"standard","meta":{"_genesis_hide_title":false,"_genesis_hide_breadcrumbs":false,"_genesis_hide_singular_image":false,"_genesis_hide_footer_widgets":false,"_genesis_custom_body_class":"","_genesis_custom_post_class":"","_genesis_layout":"","footnotes":""},"categories":[1,8],"tags":[],"class_list":{"0":"post-332","1":"post","2":"type-post","3":"status-publish","4":"format-standard","5":"has-post-thumbnail","7":"category-allgemein","8":"category-brueckenbau","9":"entry"},"_links":{"self":[{"href":"https:\/\/www.baustellentagebuch.de\/hansabruecke\/wp-json\/wp\/v2\/posts\/332","targetHints":{"allow":["GET"]}}],"collection":[{"href":"https:\/\/www.baustellentagebuch.de\/hansabruecke\/wp-json\/wp\/v2\/posts"}],"about":[{"href":"https:\/\/www.baustellentagebuch.de\/hansabruecke\/wp-json\/wp\/v2\/types\/post"}],"author":[{"embeddable":true,"href":"https:\/\/www.baustellentagebuch.de\/hansabruecke\/wp-json\/wp\/v2\/users\/3"}],"replies":[{"embeddable":true,"href":"https:\/\/www.baustellentagebuch.de\/hansabruecke\/wp-json\/wp\/v2\/comments?post=332"}],"version-history":[{"count":30,"href":"https:\/\/www.baustellentagebuch.de\/hansabruecke\/wp-json\/wp\/v2\/posts\/332\/revisions"}],"predecessor-version":[{"id":375,"href":"https:\/\/www.baustellentagebuch.de\/hansabruecke\/wp-json\/wp\/v2\/posts\/332\/revisions\/375"}],"wp:featuredmedia":[{"embeddable":true,"href":"https:\/\/www.baustellentagebuch.de\/hansabruecke\/wp-json\/wp\/v2\/media\/334"}],"wp:attachment":[{"href":"https:\/\/www.baustellentagebuch.de\/hansabruecke\/wp-json\/wp\/v2\/media?parent=332"}],"wp:term":[{"taxonomy":"category","embeddable":true,"href":"https:\/\/www.baustellentagebuch.de\/hansabruecke\/wp-json\/wp\/v2\/categories?post=332"},{"taxonomy":"post_tag","embeddable":true,"href":"https:\/\/www.baustellentagebuch.de\/hansabruecke\/wp-json\/wp\/v2\/tags?post=332"}],"curies":[{"name":"wp","href":"https:\/\/api.w.org\/{rel}","templated":true}]}}