{"id":470,"date":"2016-03-16T15:54:25","date_gmt":"2016-03-16T14:54:25","guid":{"rendered":"https:\/\/www.baustellentagebuch.de\/hansabruecke\/?p=470"},"modified":"2016-03-16T16:00:12","modified_gmt":"2016-03-16T15:00:12","slug":"garagenwand-wird-abgerissen","status":"publish","type":"post","link":"https:\/\/www.baustellentagebuch.de\/hansabruecke\/allgemein\/garagenwand-wird-abgerissen\/","title":{"rendered":"Garagenwand wird abgerissen"},"content":{"rendered":"<p>Die eigentlichen Bauarbeiten sieht man ja im Moment nicht so richtig. Die zweite Stelle, an der gerade gearbeitet wird, f\u00e4llt auch nicht sofort auf. Es geht um die Garagenwand am westlichen Widerlager der Hansabr\u00fccke, an der ja nun schon seit einer ganzen Weile abgest\u00fctzt wird, was das Zeug h\u00e4lt. Ganz im Gegensatz zu dem Anwohner, dem diese Wand geh\u00f6rt, zeigt sie sich so gar nicht kooperativ. Der Kreis und der Eigent\u00fcmer haben sich geeinigt: Bevor die Wand eines Tages unkontrolliert in sich zusammen f\u00e4llt, wird ein Gro\u00dfteil jetzt lieber kontrolliert abgerissen. Und nat\u00fcrlich wieder neu aufgebaut. Im Moment gleicht das gute St\u00fcck deswegen eher einem Carport.<\/p>\n<div id=\"attachment_460\" style=\"width: 310px\" class=\"wp-caption alignright\"><a href=\"https:\/\/www.baustellentagebuch.de\/hansabruecke\/wp-content\/uploads\/sites\/3\/2016\/03\/MG_3383.jpg\" target=\"_blank\" rel=\"attachment wp-att-460\" data-rel=\"lightbox-image-0\" data-rl_title=\"\" data-rl_caption=\"\" title=\"\"><img loading=\"lazy\" decoding=\"async\" aria-describedby=\"caption-attachment-460\" class=\"wp-image-460 size-medium\" src=\"https:\/\/www.baustellentagebuch.de\/hansabruecke\/wp-content\/uploads\/sites\/3\/2016\/03\/MG_3383-300x184.jpg\" alt=\"Garage\" width=\"300\" height=\"184\" \/><\/a><p id=\"caption-attachment-460\" class=\"wp-caption-text\"><strong>Mehr Carport als Garage:<\/strong> Die Mauer konnte leider nicht gerettet werden. <em>Fotos: Heiko Link<\/em><\/p><\/div>\n<div id=\"attachment_465\" style=\"width: 310px\" class=\"wp-caption alignnone\"><a href=\"https:\/\/www.baustellentagebuch.de\/hansabruecke\/wp-content\/uploads\/sites\/3\/2016\/03\/MG_3444.jpg\" target=\"_blank\" rel=\"attachment wp-att-465\" data-rel=\"lightbox-image-1\" data-rl_title=\"\" data-rl_caption=\"\" title=\"\"><img loading=\"lazy\" decoding=\"async\" aria-describedby=\"caption-attachment-465\" class=\"wp-image-465 size-medium\" src=\"https:\/\/www.baustellentagebuch.de\/hansabruecke\/wp-content\/uploads\/sites\/3\/2016\/03\/MG_3444-300x188.jpg\" alt=\"Garagenwand\" width=\"300\" height=\"188\" \/><\/a><p id=\"caption-attachment-465\" class=\"wp-caption-text\"><strong>Andersrum w\u00e4re besser:<\/strong> Der gelb und grau gestrichene Teil der Wand ist noch in Ordnung. Der gr\u00f6\u00dfere Teil unten drunter dagegen sehr wackelig.<\/p><\/div>\n","protected":false},"excerpt":{"rendered":"<p>Die eigentlichen Bauarbeiten sieht man ja im Moment nicht so richtig. Die zweite Stelle, an der gerade gearbeitet wird, f\u00e4llt auch nicht sofort auf. Es geht um die Garagenwand am westlichen Widerlager der Hansabr\u00fccke, an der ja nun schon seit einer ganzen Weile abgest\u00fctzt wird, was das Zeug h\u00e4lt. Ganz im Gegensatz zu dem Anwohner, [&hellip;]<\/p>\n","protected":false},"author":3,"featured_media":465,"comment_status":"open","ping_status":"open","sticky":false,"template":"","format":"standard","meta":{"_genesis_hide_title":false,"_genesis_hide_breadcrumbs":false,"_genesis_hide_singular_image":false,"_genesis_hide_footer_widgets":false,"_genesis_custom_body_class":"","_genesis_custom_post_class":"","_genesis_layout":"","footnotes":""},"categories":[1],"tags":[],"class_list":{"0":"post-470","1":"post","2":"type-post","3":"status-publish","4":"format-standard","5":"has-post-thumbnail","7":"category-allgemein","8":"entry"},"_links":{"self":[{"href":"https:\/\/www.baustellentagebuch.de\/hansabruecke\/wp-json\/wp\/v2\/posts\/470","targetHints":{"allow":["GET"]}}],"collection":[{"href":"https:\/\/www.baustellentagebuch.de\/hansabruecke\/wp-json\/wp\/v2\/posts"}],"about":[{"href":"https:\/\/www.baustellentagebuch.de\/hansabruecke\/wp-json\/wp\/v2\/types\/post"}],"author":[{"embeddable":true,"href":"https:\/\/www.baustellentagebuch.de\/hansabruecke\/wp-json\/wp\/v2\/users\/3"}],"replies":[{"embeddable":true,"href":"https:\/\/www.baustellentagebuch.de\/hansabruecke\/wp-json\/wp\/v2\/comments?post=470"}],"version-history":[{"count":9,"href":"https:\/\/www.baustellentagebuch.de\/hansabruecke\/wp-json\/wp\/v2\/posts\/470\/revisions"}],"predecessor-version":[{"id":480,"href":"https:\/\/www.baustellentagebuch.de\/hansabruecke\/wp-json\/wp\/v2\/posts\/470\/revisions\/480"}],"wp:featuredmedia":[{"embeddable":true,"href":"https:\/\/www.baustellentagebuch.de\/hansabruecke\/wp-json\/wp\/v2\/media\/465"}],"wp:attachment":[{"href":"https:\/\/www.baustellentagebuch.de\/hansabruecke\/wp-json\/wp\/v2\/media?parent=470"}],"wp:term":[{"taxonomy":"category","embeddable":true,"href":"https:\/\/www.baustellentagebuch.de\/hansabruecke\/wp-json\/wp\/v2\/categories?post=470"},{"taxonomy":"post_tag","embeddable":true,"href":"https:\/\/www.baustellentagebuch.de\/hansabruecke\/wp-json\/wp\/v2\/tags?post=470"}],"curies":[{"name":"wp","href":"https:\/\/api.w.org\/{rel}","templated":true}]}}