{"id":845,"date":"2016-08-02T18:08:24","date_gmt":"2016-08-02T16:08:24","guid":{"rendered":"https:\/\/www.baustellentagebuch.de\/hansabruecke\/?p=845"},"modified":"2016-08-03T14:37:46","modified_gmt":"2016-08-03T12:37:46","slug":"vollsperrung-fuer-autos-und-fussgaenger-ab-mittwoch","status":"publish","type":"post","link":"https:\/\/www.baustellentagebuch.de\/hansabruecke\/verkehrsfuehrung\/vollsperrung-fuer-autos-und-fussgaenger-ab-mittwoch\/","title":{"rendered":"Vollsperrung f\u00fcr Autos und Fu\u00dfg\u00e4nger ab Mittwoch"},"content":{"rendered":"<div id=\"attachment_865\" style=\"width: 180px\" class=\"wp-caption alignright\"><a href=\"https:\/\/www.baustellentagebuch.de\/hansabruecke\/wp-content\/uploads\/sites\/3\/2016\/08\/MG_7153.jpg\" target=\"_blank\" data-rel=\"lightbox-image-0\" data-rl_title=\"\" data-rl_caption=\"\" title=\"\"><img loading=\"lazy\" decoding=\"async\" aria-describedby=\"caption-attachment-865\" class=\"wp-image-865 size-medium\" src=\"https:\/\/www.baustellentagebuch.de\/hansabruecke\/wp-content\/uploads\/sites\/3\/2016\/08\/MG_7153-170x300.jpg\" alt=\"Verkehrszeichen 250\" width=\"170\" height=\"300\" srcset=\"https:\/\/www.baustellentagebuch.de\/hansabruecke\/wp-content\/uploads\/sites\/3\/2016\/08\/MG_7153-170x300.jpg 170w, https:\/\/www.baustellentagebuch.de\/hansabruecke\/wp-content\/uploads\/sites\/3\/2016\/08\/MG_7153-579x1024.jpg 579w, https:\/\/www.baustellentagebuch.de\/hansabruecke\/wp-content\/uploads\/sites\/3\/2016\/08\/MG_7153-768x1358.jpg 768w, https:\/\/www.baustellentagebuch.de\/hansabruecke\/wp-content\/uploads\/sites\/3\/2016\/08\/MG_7153-600x1061.jpg 600w, https:\/\/www.baustellentagebuch.de\/hansabruecke\/wp-content\/uploads\/sites\/3\/2016\/08\/MG_7153-869x1536.jpg 869w, https:\/\/www.baustellentagebuch.de\/hansabruecke\/wp-content\/uploads\/sites\/3\/2016\/08\/MG_7153.jpg 1136w\" sizes=\"auto, (max-width: 170px) 100vw, 170px\" \/><\/a><p id=\"caption-attachment-865\" class=\"wp-caption-text\"><strong>Vor dieser Sperrung sind alle gleich:<\/strong> Ab Morgen m\u00fcssen neben den Autofahrern auch Fu\u00dfg\u00e4nger und Radfahrer neue Wege einschlagen. <em>Foto: Heiko Link<\/em><\/p><\/div>\n<p>Ab Morgen Abend (Mittwoch) um 20 Uhr werden zwei Vollsperrungen und eine halbseitige Sperrung mit Ampelregelung im Bereich der Hansabr\u00fccke eingerichtet. Die <strong>Br\u00fccke<\/strong> wird f\u00fcr alle Verkehrsteilnehmer &#8211; <span style=\"text-decoration: underline;\">also auch f\u00fcr Radfahrer und Fu\u00dfg\u00e4nger!<\/span> &#8211;\u00a0 <strong>voll gesperrt<\/strong>. F\u00fcr den motorisierten Verkehr wird die <strong>Sophienstra\u00dfe voll gesperrt<\/strong>, wobei der E center Wehrmann aus Richtung B\u00fcnder Stra\u00dfe kommend erreichbar bleiben wird. Die <strong>Goebenstra\u00dfe wird halbseitig gesperrt<\/strong> und durch eine Ampelregelung in beide Richtungen befahrbar bleiben. Auch an der Umleitungsstrecke wird es \u00c4nderungen geben. <strong>Voraussichtlich am 22. August werden die Vollsperrungen und die halbseitige Sperrung wieder aufgehoben.<\/strong> Dann wird der Verkehr wieder so laufen, wie zur Zeit.<!--more--><\/p>\n<p>Ich hoffe, dass Sie, lieber Leser, nach dieser Nachricht noch bei mir sind. H\u00e4tte ich das schonender formulieren k\u00f6nnen? Vielleicht. Ge\u00e4ndert h\u00e4tte das aber nichts. Was bleibt ist die Hoffnung, dass Sie ab Morgen f\u00fcr zwei Wochen in den Urlaub fahren, was ich Ihnen von Herzen g\u00f6nne. Die Sperrung wurde n\u00e4mlich zeitlich extra so abgestimmt, dass sie in die Ferienzeit f\u00e4llt, damit es mit dem Stau zumindest etwas weniger schlimm wird.<\/p>\n<h2>Warum?!?<\/h2>\n<p>Alle, die so wie ich daheim bleiben, erfahren an dieser Stelle die Hintergr\u00fcnde.<\/p>\n<p><strong>Darum wird auch f\u00fcr Fu\u00dfg\u00e4nger und Radfahrer gesperrt:<\/strong><br \/>\nIn den ersten Tagen werden gro\u00dfe und schwere Stahltr\u00e4ger und Betonplatten f\u00fcr die neue Br\u00fcckenh\u00e4lfte angeliefert und mit Autokr\u00e4nen \u00fcber die Fahrbahn in Position gebracht. Wenn Sie da vorbei laufen und so ein Ding an den Kopf kriegen, dann n\u00fctzt Ihnen der beste Helm nichts. Anschlie\u00dfend r\u00fccken die Versorger an und rei\u00dfen in der Hansastra\u00dfe an beiden Enden der Br\u00fccke tiefe L\u00f6cher in die Stra\u00dfe, um an Kanalsch\u00e4chten, Gas-, Wasser-, Strom- und Telefonleitungen zu arbeiten. R\u00fcber h\u00fcpfen k\u00f6nnen Sie da nicht. Provisorische Fu\u00dfg\u00e4ngerbr\u00fccken m\u00fcssten st\u00e4ndig versetzt werden und die Arbeiter m\u00fcssten die Fu\u00dfg\u00e4nger immer im Blick haben. Das w\u00fcrde die Arbeiten und damit die Zeit der Vollsperrung &#8211; die ja m\u00f6glichst kurz gehalten werden soll &#8211; verl\u00e4ngern. <strong>Aber<\/strong>: Alle Beteiligten haben ein Interesse daran, die Strecke f\u00fcr Fu\u00dfg\u00e4nger und Radfahrer fr\u00fcher freizugeben. Deswegen wird im laufenden Betrieb immer wieder geguckt, ob das m\u00f6glich ist. Wenn es irgendwie geht, dann wird das auch gemacht. Versprechen kann das aber niemand. Denn sollten Zweifel bestehen, dann gilt auf der Baustelle der alte Grundsatz: Sicherheit geht vor. Versprechen kann ich Ihnen, dass Sie hier erfahren, wenn sich was tut. \ud83d\ude42<\/p>\n<p><strong>Darum wird die Sophienstra\u00dfe ganz und die Goebenstra\u00dfe halbseitig gesperrt:<br \/>\n<\/strong>W\u00e4hrend der Vollsperrung wird das ganz gro\u00dfe &#8222;Versorger-Programm&#8220; gefahren, denn: Nach Abschluss dieser Bauarbeiten, soll diese Kreuzung f\u00fcr eine m\u00f6glichst lange Zeit von Bauma\u00dfnahmen verschont bleiben. Deswegen bleibt in den n\u00e4chsten Wochen keine Leitung, die im Boden liegt, unangetastet. Zus\u00e4tzlich werden Leitungen verlegt, die jetzt noch gar nicht da sind. Gearbeitet wird rund um den Kreuzungsbereich Hansastra\u00dfe, Goebenstra\u00dfe, Sophienstra\u00dfe. Und zwar auch in den Randbereichen und in die einm\u00fcndenden Stra\u00dfen hinein.<\/p>\n<h2>Noch eine Vollsperrung im September<\/h2>\n<p>Die durch den Br\u00fcckenbau verursachte Vollsperrung wollen die Versorger nutzen, um von den anstehenden Arbeiten so viel wie m\u00f6glich zu schaffen. Und jetzt, lieber Leser, m\u00fcssen Sie stark sein: Zwei Wochen werden daf\u00fcr nicht reichen. Urspr\u00fcnglich war von sechs Wochen die Rede. Durch \u00fcberarbeiten der ersten Planung, konnte der Bauablauf so ge\u00e4ndert werden, dass sich dieses Zeitfenster um zwei Wochen verk\u00fcrzt. Das bedeutet f\u00fcr Sie: Nach dem 22. August werden Sie wieder so fahren k\u00f6nnen, wie heute. Diese Verschnaufpause wird circa drei Wochen dauern. Im September wird dann noch mal f\u00fcr zwei Wochen voll gesperrt. F\u00fcr die Restarbeiten an den Versorgungsleitungen im Br\u00fcckenbereich. Die Sperrung wird wahrscheinlich nicht ganz so umfangreich ausfallen wie jetzt. Au\u00dferdem besteht Grund zur Hoffnung, dass Radfahrern und Fu\u00dfg\u00e4ngern dann einen Weg durch die Baustelle gebahnt werden wird. Wie genau es laufen wird, wird sich in den kommenden Wochen herausstellen.<\/p>\n<h2>Die neue Umleitung<\/h2>\n<p>F\u00fcr<strong> Fahrzeuge\u00a0<\/strong>gibt es eine ge\u00e4nderte Umleitung. Die Pl\u00e4ne dazu finden Sie in diesen PDF-Dateien:<\/p>\n<ul>\n<li><a href=\"https:\/\/www.baustellentagebuch.de\/hansabruecke\/wp-content\/uploads\/sites\/3\/2016\/08\/Umleitungsstrecke.pdf\">Umleitungsstrecke<\/a><\/li>\n<li><a href=\"https:\/\/www.baustellentagebuch.de\/hansabruecke\/wp-content\/uploads\/sites\/3\/2016\/08\/Detailplan_Sperrung_Hansabruecke__Kreuzungsbereich_Sophienstrasse.pdf\">Detailplan Sperrung Hansabruecke, Kreuzungsbereich und Sophienstrasse<\/a><\/li>\n<\/ul>\n<p><strong>Fu\u00dfg\u00e4nger und Radfahrer <\/strong>erreichen von der Hansastra\u00dfe kommend \u00fcber die Herderbr\u00fccke, die Augustastra\u00dfe, den Wilhelmsplatz und die Schillerstra\u00dfe die Goebenstra\u00dfe. Die gleiche Strecke funktioniert nat\u00fcrlich auch in umgekehrter Richtung.<\/p>\n<p>Alle Details sehen Sie auch in dem beigef\u00fcgten Umleitungsplan, der w\u00e4hrend der vor\u00fcbergehenden Vollsperrung g\u00fcltig ist.<\/p>\n<p>Am Donnerstag wird es einen Pressetermin in der Baustelle geben. Danach werde ich wieder berichten. Wenn Sie Fragen haben, die ich zu diesem Termin mitnehmen kann, dann schreiben Sie doch einen Kommentar zu diesem Beitrag.<span style=\"font-family: Verdana,sans-serif;\"><br \/>\n<\/span><\/p>\n","protected":false},"excerpt":{"rendered":"<p>Ab Morgen Abend (Mittwoch) um 20 Uhr werden zwei Vollsperrungen und eine halbseitige Sperrung mit Ampelregelung im Bereich der Hansabr\u00fccke eingerichtet. Die Br\u00fccke wird f\u00fcr alle Verkehrsteilnehmer &#8211; also auch f\u00fcr Radfahrer und Fu\u00dfg\u00e4nger! &#8211;\u00a0 voll gesperrt. F\u00fcr den motorisierten Verkehr wird die Sophienstra\u00dfe voll gesperrt, wobei der E center Wehrmann aus Richtung B\u00fcnder Stra\u00dfe [&hellip;]<\/p>\n","protected":false},"author":3,"featured_media":865,"comment_status":"open","ping_status":"open","sticky":false,"template":"","format":"standard","meta":{"_genesis_hide_title":false,"_genesis_hide_breadcrumbs":false,"_genesis_hide_singular_image":false,"_genesis_hide_footer_widgets":false,"_genesis_custom_body_class":"","_genesis_custom_post_class":"","_genesis_layout":"","footnotes":""},"categories":[18],"tags":[],"class_list":{"0":"post-845","1":"post","2":"type-post","3":"status-publish","4":"format-standard","5":"has-post-thumbnail","7":"category-verkehrsfuehrung","8":"entry"},"_links":{"self":[{"href":"https:\/\/www.baustellentagebuch.de\/hansabruecke\/wp-json\/wp\/v2\/posts\/845","targetHints":{"allow":["GET"]}}],"collection":[{"href":"https:\/\/www.baustellentagebuch.de\/hansabruecke\/wp-json\/wp\/v2\/posts"}],"about":[{"href":"https:\/\/www.baustellentagebuch.de\/hansabruecke\/wp-json\/wp\/v2\/types\/post"}],"author":[{"embeddable":true,"href":"https:\/\/www.baustellentagebuch.de\/hansabruecke\/wp-json\/wp\/v2\/users\/3"}],"replies":[{"embeddable":true,"href":"https:\/\/www.baustellentagebuch.de\/hansabruecke\/wp-json\/wp\/v2\/comments?post=845"}],"version-history":[{"count":24,"href":"https:\/\/www.baustellentagebuch.de\/hansabruecke\/wp-json\/wp\/v2\/posts\/845\/revisions"}],"predecessor-version":[{"id":873,"href":"https:\/\/www.baustellentagebuch.de\/hansabruecke\/wp-json\/wp\/v2\/posts\/845\/revisions\/873"}],"wp:featuredmedia":[{"embeddable":true,"href":"https:\/\/www.baustellentagebuch.de\/hansabruecke\/wp-json\/wp\/v2\/media\/865"}],"wp:attachment":[{"href":"https:\/\/www.baustellentagebuch.de\/hansabruecke\/wp-json\/wp\/v2\/media?parent=845"}],"wp:term":[{"taxonomy":"category","embeddable":true,"href":"https:\/\/www.baustellentagebuch.de\/hansabruecke\/wp-json\/wp\/v2\/categories?post=845"},{"taxonomy":"post_tag","embeddable":true,"href":"https:\/\/www.baustellentagebuch.de\/hansabruecke\/wp-json\/wp\/v2\/tags?post=845"}],"curies":[{"name":"wp","href":"https:\/\/api.w.org\/{rel}","templated":true}]}}