{"id":1202,"date":"2017-04-03T17:42:38","date_gmt":"2017-04-03T15:42:38","guid":{"rendered":"https:\/\/www.baustellentagebuch.de\/kvp-lange-strasse\/?p=1202"},"modified":"2017-04-03T17:44:43","modified_gmt":"2017-04-03T15:44:43","slug":"kreisel-freigabe-dienstag-zwischen-17-und-18-uhr","status":"publish","type":"post","link":"https:\/\/www.baustellentagebuch.de\/kvp-lange-strasse\/2017\/04\/03\/kreisel-freigabe-dienstag-zwischen-17-und-18-uhr\/","title":{"rendered":"Kreisel-Freigabe: Dienstag zwischen 17 und 18 Uhr"},"content":{"rendered":"<div id=\"attachment_1220\" style=\"width: 310px\" class=\"wp-caption alignright\"><a href=\"https:\/\/www.baustellentagebuch.de\/kvp-lange-strasse\/wp-content\/uploads\/sites\/4\/2017\/04\/IMG_1835.jpg\" target=\"_blank\" data-rel=\"lightbox-image-0\" data-rl_title=\"\" data-rl_caption=\"\" title=\"\"><img loading=\"lazy\" decoding=\"async\" aria-describedby=\"caption-attachment-1220\" class=\"wp-image-1220 size-medium\" src=\"https:\/\/www.baustellentagebuch.de\/kvp-lange-strasse\/wp-content\/uploads\/sites\/4\/2017\/04\/IMG_1835-300x254.jpg\" alt=\"Fahrbahn\u00fcbergang Neuenkirchener Stra\u00dfe\" width=\"300\" height=\"254\" srcset=\"https:\/\/www.baustellentagebuch.de\/kvp-lange-strasse\/wp-content\/uploads\/sites\/4\/2017\/04\/IMG_1835-300x254.jpg 300w, https:\/\/www.baustellentagebuch.de\/kvp-lange-strasse\/wp-content\/uploads\/sites\/4\/2017\/04\/IMG_1835-1024x867.jpg 1024w, https:\/\/www.baustellentagebuch.de\/kvp-lange-strasse\/wp-content\/uploads\/sites\/4\/2017\/04\/IMG_1835-768x650.jpg 768w, https:\/\/www.baustellentagebuch.de\/kvp-lange-strasse\/wp-content\/uploads\/sites\/4\/2017\/04\/IMG_1835-600x508.jpg 600w, https:\/\/www.baustellentagebuch.de\/kvp-lange-strasse\/wp-content\/uploads\/sites\/4\/2017\/04\/IMG_1835-1536x1301.jpg 1536w, https:\/\/www.baustellentagebuch.de\/kvp-lange-strasse\/wp-content\/uploads\/sites\/4\/2017\/04\/IMG_1835-2048x1734.jpg 2048w\" sizes=\"auto, (max-width: 300px) 100vw, 300px\" \/><\/a><p id=\"caption-attachment-1220\" class=\"wp-caption-text\"><strong>Eine Seite ist fertig:<\/strong> An der Neuenkirchener Stra\u00dfe wurde der Fahrbahn\u00fcbergang auf einer Stra\u00dfenseite bereits gegl\u00e4ttet. Fotos: <em>Jens Nickolaus<\/em><\/p><\/div>\n<p>Bei der Gl\u00e4ttung der Fahrbahn\u00fcberg\u00e4nge am n\u00f6rdlichen Kreisverkehr kommen die Arbeiter gut voran. <strong>Die Sperrung wird Morgen voraussichtlich zwischen 17 und 18 Uhr wieder aufgehoben.<\/strong> Damit geht dann die vorletzte Sperrung an diesem Kreisel zu Ende. Zum Aufbringen der Fahrbahnmarkierung wird noch einmal kurz gesperrt. Wann genau das sein wird, erfahren Sie an dieser Stelle, sobald der Termin fest steht.<!--more--><\/p>\n<h2>Neue Ausfahrt f\u00fcr Oldenb\u00fcrger<\/h2>\n<p>Zusammen mit dem Kreisverkehr wird Morgen auch die neue Ein- und Ausfahrt vom Oldenb\u00fcrger-Grundst\u00fcck auf die B\u00fcnder Stra\u00dfe fertig. Dank dieser zus\u00e4tzlichen Ein-\/Ausfahrt kann der Autotransporter die Neuwagen von Opel in Zukunft auf dem Firmengrundst\u00fcck entladen. Er muss das also nicht mehr an der Langen Stra\u00dfe tun, wo er beim Abladen den flie\u00dfenden Verkehr behindert.<\/p>\n<div id=\"attachment_1218\" style=\"width: 310px\" class=\"wp-caption aligncenter\"><a href=\"https:\/\/www.baustellentagebuch.de\/kvp-lange-strasse\/wp-content\/uploads\/sites\/4\/2017\/04\/IMG_1832.jpg\" target=\"_blank\" data-rel=\"lightbox-image-1\" data-rl_title=\"\" data-rl_caption=\"\" title=\"\"><img loading=\"lazy\" decoding=\"async\" aria-describedby=\"caption-attachment-1218\" class=\"wp-image-1218 size-medium\" src=\"https:\/\/www.baustellentagebuch.de\/kvp-lange-strasse\/wp-content\/uploads\/sites\/4\/2017\/04\/IMG_1832-300x296.jpg\" alt=\"Ausfahrt Opel Oldenb\u00fcrger\" width=\"300\" height=\"296\" srcset=\"https:\/\/www.baustellentagebuch.de\/kvp-lange-strasse\/wp-content\/uploads\/sites\/4\/2017\/04\/IMG_1832-300x296.jpg 300w, https:\/\/www.baustellentagebuch.de\/kvp-lange-strasse\/wp-content\/uploads\/sites\/4\/2017\/04\/IMG_1832-1024x1011.jpg 1024w, https:\/\/www.baustellentagebuch.de\/kvp-lange-strasse\/wp-content\/uploads\/sites\/4\/2017\/04\/IMG_1832-768x758.jpg 768w, https:\/\/www.baustellentagebuch.de\/kvp-lange-strasse\/wp-content\/uploads\/sites\/4\/2017\/04\/IMG_1832-600x592.jpg 600w, https:\/\/www.baustellentagebuch.de\/kvp-lange-strasse\/wp-content\/uploads\/sites\/4\/2017\/04\/IMG_1832-1536x1516.jpg 1536w, https:\/\/www.baustellentagebuch.de\/kvp-lange-strasse\/wp-content\/uploads\/sites\/4\/2017\/04\/IMG_1832-2048x2021.jpg 2048w\" sizes=\"auto, (max-width: 300px) 100vw, 300px\" \/><\/a><p id=\"caption-attachment-1218\" class=\"wp-caption-text\"><strong>Neue Ein- und Ausfahrt:<\/strong> Das Gel\u00e4nde von Opel Oldenb\u00fcrger erreichen Sie zuk\u00fcnftig auch \u00fcber die B\u00fcnder Stra\u00dfe.<\/p><\/div>\n","protected":false},"excerpt":{"rendered":"<p>Bei der Gl\u00e4ttung der Fahrbahn\u00fcberg\u00e4nge am n\u00f6rdlichen Kreisverkehr kommen die Arbeiter gut voran. Die Sperrung wird Morgen voraussichtlich zwischen 17 und 18 Uhr wieder aufgehoben. Damit geht dann die vorletzte Sperrung an diesem Kreisel zu Ende. Zum Aufbringen der Fahrbahnmarkierung wird noch einmal kurz gesperrt. Wann genau das sein wird, erfahren Sie an dieser Stelle, [&hellip;]<\/p>\n","protected":false},"author":3,"featured_media":1220,"comment_status":"open","ping_status":"open","sticky":false,"template":"","format":"standard","meta":{"_genesis_hide_title":false,"_genesis_hide_breadcrumbs":false,"_genesis_hide_singular_image":false,"_genesis_hide_footer_widgets":false,"_genesis_custom_body_class":"","_genesis_custom_post_class":"","_genesis_layout":"","footnotes":""},"categories":[1,17],"tags":[],"class_list":{"0":"post-1202","1":"post","2":"type-post","3":"status-publish","4":"format-standard","5":"has-post-thumbnail","7":"category-baufortschritt","8":"category-verkehrsfuehrung","9":"entry"},"_links":{"self":[{"href":"https:\/\/www.baustellentagebuch.de\/kvp-lange-strasse\/wp-json\/wp\/v2\/posts\/1202","targetHints":{"allow":["GET"]}}],"collection":[{"href":"https:\/\/www.baustellentagebuch.de\/kvp-lange-strasse\/wp-json\/wp\/v2\/posts"}],"about":[{"href":"https:\/\/www.baustellentagebuch.de\/kvp-lange-strasse\/wp-json\/wp\/v2\/types\/post"}],"author":[{"embeddable":true,"href":"https:\/\/www.baustellentagebuch.de\/kvp-lange-strasse\/wp-json\/wp\/v2\/users\/3"}],"replies":[{"embeddable":true,"href":"https:\/\/www.baustellentagebuch.de\/kvp-lange-strasse\/wp-json\/wp\/v2\/comments?post=1202"}],"version-history":[{"count":16,"href":"https:\/\/www.baustellentagebuch.de\/kvp-lange-strasse\/wp-json\/wp\/v2\/posts\/1202\/revisions"}],"predecessor-version":[{"id":1240,"href":"https:\/\/www.baustellentagebuch.de\/kvp-lange-strasse\/wp-json\/wp\/v2\/posts\/1202\/revisions\/1240"}],"wp:featuredmedia":[{"embeddable":true,"href":"https:\/\/www.baustellentagebuch.de\/kvp-lange-strasse\/wp-json\/wp\/v2\/media\/1220"}],"wp:attachment":[{"href":"https:\/\/www.baustellentagebuch.de\/kvp-lange-strasse\/wp-json\/wp\/v2\/media?parent=1202"}],"wp:term":[{"taxonomy":"category","embeddable":true,"href":"https:\/\/www.baustellentagebuch.de\/kvp-lange-strasse\/wp-json\/wp\/v2\/categories?post=1202"},{"taxonomy":"post_tag","embeddable":true,"href":"https:\/\/www.baustellentagebuch.de\/kvp-lange-strasse\/wp-json\/wp\/v2\/tags?post=1202"}],"curies":[{"name":"wp","href":"https:\/\/api.w.org\/{rel}","templated":true}]}}