{"id":1476,"date":"2017-06-13T13:10:21","date_gmt":"2017-06-13T11:10:21","guid":{"rendered":"https:\/\/www.baustellentagebuch.de\/kvp-lange-strasse\/?p=1476"},"modified":"2017-06-13T13:10:21","modified_gmt":"2017-06-13T11:10:21","slug":"baustellenampel-am-kreisverkehr-wird-eingeschaltet","status":"publish","type":"post","link":"https:\/\/www.baustellentagebuch.de\/kvp-lange-strasse\/2017\/06\/13\/baustellenampel-am-kreisverkehr-wird-eingeschaltet\/","title":{"rendered":"Baustellenampel am Kreisverkehr wird eingeschaltet"},"content":{"rendered":"<div id=\"attachment_1477\" style=\"width: 299px\" class=\"wp-caption alignleft\"><a href=\"https:\/\/www.baustellentagebuch.de\/kvp-lange-strasse\/wp-content\/uploads\/sites\/4\/2017\/06\/IMG_2101.jpg\" target=\"_blank\" rel=\"noopener\" data-rel=\"lightbox-image-0\" data-rl_title=\"\" data-rl_caption=\"\" title=\"\"><img loading=\"lazy\" decoding=\"async\" aria-describedby=\"caption-attachment-1477\" class=\"wp-image-1477 size-medium\" src=\"https:\/\/www.baustellentagebuch.de\/kvp-lange-strasse\/wp-content\/uploads\/sites\/4\/2017\/06\/IMG_2101-289x300.jpg\" alt=\"Baustellenampel Spenge\" width=\"289\" height=\"300\" srcset=\"https:\/\/www.baustellentagebuch.de\/kvp-lange-strasse\/wp-content\/uploads\/sites\/4\/2017\/06\/IMG_2101-289x300.jpg 289w, https:\/\/www.baustellentagebuch.de\/kvp-lange-strasse\/wp-content\/uploads\/sites\/4\/2017\/06\/IMG_2101-986x1024.jpg 986w, https:\/\/www.baustellentagebuch.de\/kvp-lange-strasse\/wp-content\/uploads\/sites\/4\/2017\/06\/IMG_2101-768x798.jpg 768w, https:\/\/www.baustellentagebuch.de\/kvp-lange-strasse\/wp-content\/uploads\/sites\/4\/2017\/06\/IMG_2101-600x623.jpg 600w, https:\/\/www.baustellentagebuch.de\/kvp-lange-strasse\/wp-content\/uploads\/sites\/4\/2017\/06\/IMG_2101-1479x1536.jpg 1479w, https:\/\/www.baustellentagebuch.de\/kvp-lange-strasse\/wp-content\/uploads\/sites\/4\/2017\/06\/IMG_2101-1972x2048.jpg 1972w\" sizes=\"auto, (max-width: 289px) 100vw, 289px\" \/><\/a><p id=\"caption-attachment-1477\" class=\"wp-caption-text\"><strong>Stand gestern noch am Rand:<\/strong> Die heute aktivierte Baustellenampel am Kreisverkehr Ravensberger Stra\u00dfe. <em>Fotos: Jens Nickolaus<\/em><\/p><\/div>\n<p>Heute wird die Baustellenampel am Kreisverkehr Ravensberger Stra\u00dfe eingeschaltet. Gleich danach geht es dann ein paar Tage fr\u00fcher als geplant mit dem <a href=\"https:\/\/www.baustellentagebuch.de\/kvp-lange-strasse\/2017\/06\/07\/provisorische-umfahrten-fuer-den-kreisel-ravensberger-strasse\/\">Bau der provisorischen Umfahrung<\/a> los. Der zweite gro\u00dfe &#8222;Posten&#8220; in der Baustelle sind die Pflasterarbeiten. Die Pflasterkolonne ist zur\u00fcck und nimmt sich gerade die Stra\u00dfenseite des Friedhofs auf dem gesamten St\u00fcck zwischen Rathaus und der Besebachbr\u00fccke vor.<!--more--><\/p>\n<div id=\"attachment_1498\" style=\"width: 235px\" class=\"wp-caption aligncenter\"><a href=\"https:\/\/www.baustellentagebuch.de\/kvp-lange-strasse\/wp-content\/uploads\/sites\/4\/2017\/06\/IMG_2104.jpg\" target=\"_blank\" rel=\"noopener\" data-rel=\"lightbox-image-1\" data-rl_title=\"\" data-rl_caption=\"\" title=\"\"><img loading=\"lazy\" decoding=\"async\" aria-describedby=\"caption-attachment-1498\" class=\"wp-image-1498 size-medium\" src=\"https:\/\/www.baustellentagebuch.de\/kvp-lange-strasse\/wp-content\/uploads\/sites\/4\/2017\/06\/IMG_2104-225x300.jpg\" alt=\"Provisorischer Fu\u00dfweg\" width=\"225\" height=\"300\" \/><\/a><p id=\"caption-attachment-1498\" class=\"wp-caption-text\"><strong>Zum Teil schon fertig:<\/strong> Der provisorische Fu\u00dfweg-Bypass am Kreisel.<\/p><\/div>\n<p>Auf H\u00f6he der Stadtverwaltung wird im Moment noch auf beiden Stra\u00dfenseiten gepflastert. Sobald die Steine bis kurz hinter der ersten Einfahrt zum Rathausparkplatz liegen, wird sich alles auf die gegen\u00fcberliegende Stra\u00dfenseite konzentrieren. Den Bauarbeitern, die dort schon arbeiten, kommt der &#8222;Abriss-Bagger&#8220; von unten entgegen. Er hat an der Br\u00fccke angefangen den alten Gehweg aufzunehmen und n\u00e4hert sich z\u00fcgig den Kollegen, die alles wieder schick machen.<\/p>\n<p>&nbsp;<\/p>\n<div id=\"attachment_1501\" style=\"width: 252px\" class=\"wp-caption aligncenter\"><a href=\"https:\/\/www.baustellentagebuch.de\/kvp-lange-strasse\/wp-content\/uploads\/sites\/4\/2017\/06\/IMG_2107.jpg\" target=\"_blank\" rel=\"noopener\" data-rel=\"lightbox-image-2\" data-rl_title=\"\" data-rl_caption=\"\" title=\"\"><img loading=\"lazy\" decoding=\"async\" aria-describedby=\"caption-attachment-1501\" class=\"wp-image-1501 size-medium\" src=\"https:\/\/www.baustellentagebuch.de\/kvp-lange-strasse\/wp-content\/uploads\/sites\/4\/2017\/06\/IMG_2107-242x300.jpg\" alt=\"Pflasterarbeiten Spenge\" width=\"242\" height=\"300\" \/><\/a><p id=\"caption-attachment-1501\" class=\"wp-caption-text\"><strong>Hier spielt die Musik:<\/strong> Gegen\u00fcber vom Rathaus werden sich bald alle &#8222;Pflaster-Kr\u00e4fte&#8220; b\u00fcndeln. Ein Teil ist schon fertig. Hier muss noch die Parkbucht gepflastert werden.<\/p><\/div>\n<h2>Schwierig zu bekommen: Infos zur Br\u00fccke<\/h2>\n<div id=\"attachment_1496\" style=\"width: 290px\" class=\"wp-caption alignright\"><a href=\"https:\/\/www.baustellentagebuch.de\/kvp-lange-strasse\/wp-content\/uploads\/sites\/4\/2017\/06\/IMG_2102.jpg\" target=\"_blank\" rel=\"noopener\" data-rel=\"lightbox-image-3\" data-rl_title=\"\" data-rl_caption=\"\" title=\"\"><img loading=\"lazy\" decoding=\"async\" aria-describedby=\"caption-attachment-1496\" class=\"wp-image-1496 size-medium\" src=\"https:\/\/www.baustellentagebuch.de\/kvp-lange-strasse\/wp-content\/uploads\/sites\/4\/2017\/06\/IMG_2102-280x300.jpg\" alt=\"Sanierung Besebachbr\u00fccke\" width=\"280\" height=\"300\" \/><\/a><p id=\"caption-attachment-1496\" class=\"wp-caption-text\"><strong>Von wegen betonieren und abdichten:<\/strong> An der Besebachbr\u00fccke wird noch abgerissen.<\/p><\/div>\n<p>Was den Stand der Dinge an der Br\u00fccke betrifft, waren wir vergangene Woche mit der Meldung, das bereits betoniert und abgedichtet wird, wohl etwas voreilig. Auf dem Foto ist deutlich zu sehen, dass noch abgerissen wird. Leider bekomme ich zu den Bauarbeiten an der Br\u00fccke keine direkten Informationen, weil f\u00fcr die Sanierung nicht die <a href=\"http:\/\/www.spenge.de\" target=\"_blank\" rel=\"noopener\">Stadt Spenge<\/a>, sondern der Landesbetrieb <a href=\"https:\/\/www.strassen.nrw.de\" target=\"_blank\" rel=\"noopener\">Stra\u00dfen.NRW<\/a> zust\u00e4ndig ist. Deswegen bitte ich um Ihr Verst\u00e4ndnis, dass ich in Sachen Besebachbr\u00fccke in Zukunft etwas zur\u00fcckhaltender berichten werde. Es sei denn, es tut sich in Sachen Informationsfluss noch was &#8230; \ud83d\ude09<\/p>\n<p>Was ich definitiv als fertig melden kann, ist die Kanalsanierung im 2. und 3. Bauabschnitt. Auch die Arbeiten an den Versorgungsleitungen \/ Hausanschl\u00fcssen auf dem St\u00fcck zwischen der Bussche-M\u00fcnch-Stra\u00dfe und dem Kreisverkehr Ravensberger Stra\u00dfe werden in dieser Woche gr\u00f6\u00dftenteils abgeschlossen. Und: Im L\u00f6nsweg fand auf dem frisch sanierten Platz heute zum ersten Mal wieder der Markt statt! Und das ganz ohne Baustellenampel. \ud83d\ude09<\/p>\n","protected":false},"excerpt":{"rendered":"<p>Heute wird die Baustellenampel am Kreisverkehr Ravensberger Stra\u00dfe eingeschaltet. Gleich danach geht es dann ein paar Tage fr\u00fcher als geplant mit dem Bau der provisorischen Umfahrung los. Der zweite gro\u00dfe &#8222;Posten&#8220; in der Baustelle sind die Pflasterarbeiten. Die Pflasterkolonne ist zur\u00fcck und nimmt sich gerade die Stra\u00dfenseite des Friedhofs auf dem gesamten St\u00fcck zwischen Rathaus [&hellip;]<\/p>\n","protected":false},"author":3,"featured_media":1477,"comment_status":"open","ping_status":"open","sticky":false,"template":"","format":"standard","meta":{"_genesis_hide_title":false,"_genesis_hide_breadcrumbs":false,"_genesis_hide_singular_image":false,"_genesis_hide_footer_widgets":false,"_genesis_custom_body_class":"","_genesis_custom_post_class":"","_genesis_layout":"","footnotes":""},"categories":[1],"tags":[],"class_list":{"0":"post-1476","1":"post","2":"type-post","3":"status-publish","4":"format-standard","5":"has-post-thumbnail","7":"category-baufortschritt","8":"entry"},"_links":{"self":[{"href":"https:\/\/www.baustellentagebuch.de\/kvp-lange-strasse\/wp-json\/wp\/v2\/posts\/1476","targetHints":{"allow":["GET"]}}],"collection":[{"href":"https:\/\/www.baustellentagebuch.de\/kvp-lange-strasse\/wp-json\/wp\/v2\/posts"}],"about":[{"href":"https:\/\/www.baustellentagebuch.de\/kvp-lange-strasse\/wp-json\/wp\/v2\/types\/post"}],"author":[{"embeddable":true,"href":"https:\/\/www.baustellentagebuch.de\/kvp-lange-strasse\/wp-json\/wp\/v2\/users\/3"}],"replies":[{"embeddable":true,"href":"https:\/\/www.baustellentagebuch.de\/kvp-lange-strasse\/wp-json\/wp\/v2\/comments?post=1476"}],"version-history":[{"count":35,"href":"https:\/\/www.baustellentagebuch.de\/kvp-lange-strasse\/wp-json\/wp\/v2\/posts\/1476\/revisions"}],"predecessor-version":[{"id":1515,"href":"https:\/\/www.baustellentagebuch.de\/kvp-lange-strasse\/wp-json\/wp\/v2\/posts\/1476\/revisions\/1515"}],"wp:featuredmedia":[{"embeddable":true,"href":"https:\/\/www.baustellentagebuch.de\/kvp-lange-strasse\/wp-json\/wp\/v2\/media\/1477"}],"wp:attachment":[{"href":"https:\/\/www.baustellentagebuch.de\/kvp-lange-strasse\/wp-json\/wp\/v2\/media?parent=1476"}],"wp:term":[{"taxonomy":"category","embeddable":true,"href":"https:\/\/www.baustellentagebuch.de\/kvp-lange-strasse\/wp-json\/wp\/v2\/categories?post=1476"},{"taxonomy":"post_tag","embeddable":true,"href":"https:\/\/www.baustellentagebuch.de\/kvp-lange-strasse\/wp-json\/wp\/v2\/tags?post=1476"}],"curies":[{"name":"wp","href":"https:\/\/api.w.org\/{rel}","templated":true}]}}