{"id":1610,"date":"2017-07-11T14:52:12","date_gmt":"2017-07-11T12:52:12","guid":{"rendered":"https:\/\/www.baustellentagebuch.de\/kvp-lange-strasse\/?p=1610"},"modified":"2017-07-11T14:53:18","modified_gmt":"2017-07-11T12:53:18","slug":"es-wird-ruhiger-in-der-baustelle","status":"publish","type":"post","link":"https:\/\/www.baustellentagebuch.de\/kvp-lange-strasse\/2017\/07\/11\/es-wird-ruhiger-in-der-baustelle\/","title":{"rendered":"Es wird ruhiger in der Baustelle"},"content":{"rendered":"<div id=\"attachment_1609\" style=\"width: 310px\" class=\"wp-caption alignright\"><a href=\"https:\/\/www.baustellentagebuch.de\/kvp-lange-strasse\/wp-content\/uploads\/sites\/4\/2017\/07\/IMG_2258.jpg\" target=\"_blank\" rel=\"noopener\" data-rel=\"lightbox-image-0\" data-rl_title=\"\" data-rl_caption=\"\" title=\"\"><img loading=\"lazy\" decoding=\"async\" aria-describedby=\"caption-attachment-1609\" class=\"wp-image-1609 size-medium\" src=\"https:\/\/www.baustellentagebuch.de\/kvp-lange-strasse\/wp-content\/uploads\/sites\/4\/2017\/07\/IMG_2258-300x216.jpg\" alt=\"Betonierter Innenring\" width=\"300\" height=\"216\" \/><\/a><p id=\"caption-attachment-1609\" class=\"wp-caption-text\"><strong>LKW-Schutz:<\/strong> Die Absperrbaken und Baustellenampeln bleiben stehen, damit kein LKW oder dessen Anh\u00e4nger durch den noch nicht ausgeh\u00e4rteten Beton f\u00e4hrt. <em>Fotos: Jens Nickolaus<\/em><\/p><\/div>\n<p>In der Baustelle Lange Stra\u00dfe wird es ab n\u00e4chstem Montag f\u00fcr die Dauer von zwei Wochen ruhiger werden. Der Grund daf\u00fcr sind Betriebsferien bei der Baufirma. Die f\u00fchren dazu, dass die Zahl der Arbeitskr\u00e4fte deutlich reduziert wird. Es wird also weiter gehen, aber etwas langsamer. Einen kleinen Vorgeschmack darauf gab es gestern. Wegen der Regenf\u00e4lle hielt nur ein Baggerfahrer, der bei der Arbeit im Trockenen sitzen konnte, die Stellung.<!--more--><\/p>\n<h2>Verregnete Baustelle<\/h2>\n<p>Laut meiner Wetter-App soll es Morgen den ganzen Tag durchregnen. Das ist schlecht, weil Morgen eigentlich die Gehwegkappe der Besebachbr\u00fccke betoniert werden sollte. Denn daf\u00fcr wird heute zum Feierabend alles vorbereitet sein: Die <a href=\"https:\/\/de.wikipedia.org\/wiki\/Bewehrung\" target=\"_blank\" rel=\"noopener\">Bewehrung<\/a> ist schon komplett fertig und die <a href=\"https:\/\/de.wikipedia.org\/wiki\/Schalung_(Beton)\" target=\"_blank\" rel=\"noopener\">Schalung<\/a> drumherum gerade in Arbeit. Im Moment hofft man bei der <a href=\"http:\/\/www.spenge.de\" target=\"_blank\" rel=\"noopener\">Stadt<\/a>, dass sp\u00e4testens am Donnerstag (oder Freitag) betoniert wird. Da sieht es in Sachen Wetter n\u00e4mlich etwas besser aus. Wobei ein paar Tage Verzug bei der Br\u00fccke kein Weltuntergang w\u00e4ren. Die von <a href=\"https:\/\/www.strassen.nrw.de\" target=\"_blank\" rel=\"noopener\">Stra\u00dfen.NRW<\/a> mit der Sanierung der Besebachbr\u00fccke beauftrage Baufirma macht n\u00e4mlich (noch?) keine Betriebsferien. Trotzdem muss ein Verzug ja nicht unbedingt sein.<\/p>\n<div id=\"attachment_1608\" style=\"width: 310px\" class=\"wp-caption aligncenter\"><a href=\"https:\/\/www.baustellentagebuch.de\/kvp-lange-strasse\/wp-content\/uploads\/sites\/4\/2017\/07\/IMG_2257.jpg\" target=\"_blank\" rel=\"noopener\" data-rel=\"lightbox-image-1\" data-rl_title=\"\" data-rl_caption=\"\" title=\"\"><img loading=\"lazy\" decoding=\"async\" aria-describedby=\"caption-attachment-1608\" class=\"wp-image-1608 size-medium\" src=\"https:\/\/www.baustellentagebuch.de\/kvp-lange-strasse\/wp-content\/uploads\/sites\/4\/2017\/07\/IMG_2257-300x173.jpg\" alt=\"Besebachbr\u00fccke Spenge\" width=\"300\" height=\"173\" \/><\/a><p id=\"caption-attachment-1608\" class=\"wp-caption-text\"><strong>Vorbereitungen fast abgeschlossen:<\/strong> Die Bewehrungseisen sind drin. Mit dem Bau der Holzverschalung drumherum wurde schon angefangen. Fehlt nur noch der Beton f\u00fcr die Gehwegkappe.<\/p><\/div>\n<h2>Verkehrsfreigabe 2. BA sp\u00e4testens Ende August<\/h2>\n<div id=\"attachment_1606\" style=\"width: 199px\" class=\"wp-caption alignright\"><a href=\"https:\/\/www.baustellentagebuch.de\/kvp-lange-strasse\/wp-content\/uploads\/sites\/4\/2017\/07\/IMG_2253.jpg\" target=\"_blank\" rel=\"noopener\" data-rel=\"lightbox-image-2\" data-rl_title=\"\" data-rl_caption=\"\" title=\"\"><img loading=\"lazy\" decoding=\"async\" aria-describedby=\"caption-attachment-1606\" class=\"wp-image-1606 size-medium\" src=\"https:\/\/www.baustellentagebuch.de\/kvp-lange-strasse\/wp-content\/uploads\/sites\/4\/2017\/07\/IMG_2253-189x300.jpg\" alt=\"Stra\u00dfenf\u00fchrung Friedhofsparkplatz Spenge\" width=\"189\" height=\"300\" \/><\/a><p id=\"caption-attachment-1606\" class=\"wp-caption-text\"><strong>Stra\u00dfe aufgeweitet:<\/strong> Am Friedhofsparkplatz entsteht eine neue Querungshilfe.<\/p><\/div>\n<p>Im wahrsten Sinne des Wortes alles glatt gegangen ist beim Betonieren des Innenrings am Kreisverkehr. Das ging wie angek\u00fcndigt am vergangenen Donnerstag \u00fcber die B\u00fchne. Aufgrund der ab n\u00e4chster Woche verringerten Personalst\u00e4rke werden die anstehenden Arbeiten am Kreisel zur\u00fcckgestellt. Die verbleibenden Arbeiter werden jetzt erstmal am Rathaus eingesetzt, wo noch Bord- und Rinnsteine gesetzt werden m\u00fcssen. Die werden vorrangig angepackt, weil im 2. Bauabschnitt (BA) noch vor dem Ende der Sommerferien die Fahrbahn asphaltiert und f\u00fcr den Verkehr wieder freigegeben werden soll. Das sind doch mal gute Nachrichten! \ud83d\ude42<\/p>\n<h2>Die Ampel bleibt<\/h2>\n<p>&#8222;K\u00f6nnen die Baustellenampeln am Kreisverkehr vor\u00fcbergehend wieder entfernt werden, wenn dort ohnehin nicht gearbeitet wird?&#8220;, ist eine Frage, die man sich bei der Stadt Spenge gestellt hat. Am Ende wurde entschieden, sie doch lieber stehen zu lassen. Der Grund: Durch die Ampelf\u00fchrung kann aktiv verhindert werden, dass gro\u00dfe LKW mit Anh\u00e4nger beim Durchfahren des Kreisels \u00fcber den Innenring fahren. Da der frische Beton dort ganze 28 Tage braucht, um seine Endfestigkeit zu erreichen, w\u00fcrde das zu gr\u00f6\u00dferen Sch\u00e4den f\u00fchren. Das soll nat\u00fcrlich vermieden werden.<\/p>\n<h2>Friedhofsparkplatz wird umgestaltet<\/h2>\n<p>Bord- und Rinnsteine werden nach wie vor auch auf der gegen\u00fcberliegenden Stra\u00dfenseite des Rathauses gesetzt. Die Arbeiter kommen sich von oben und unten entgegen und werden die noch verbliebene kleine L\u00fccke voraussichtlich heute (und damit passend vorm n\u00e4chsten Regen) schlie\u00dfen. Im Bereich des Friedhofes wurde die Fahrbahn bei der Gelegenheit etwas aufgeweitet, weil dort eine neue <a href=\"https:\/\/de.wikipedia.org\/wiki\/Querungsanlage\" target=\"_blank\" rel=\"noopener\">Querungshilfe<\/a> eingebaut wird. Durch die Aufweitung der Fahrbahn rutscht der B\u00fcrgersteig etwas in den Parkplatz rein. Deswegen werden die dort vorhandenen Stellpl\u00e4tze (ohne Verluste) neu angeordnet.<\/p>\n<div id=\"attachment_1607\" style=\"width: 257px\" class=\"wp-caption aligncenter\"><a href=\"https:\/\/www.baustellentagebuch.de\/kvp-lange-strasse\/wp-content\/uploads\/sites\/4\/2017\/07\/IMG_2255.jpg\" target=\"_blank\" rel=\"noopener\" data-rel=\"lightbox-image-3\" data-rl_title=\"\" data-rl_caption=\"\" title=\"\"><img loading=\"lazy\" decoding=\"async\" aria-describedby=\"caption-attachment-1607\" class=\"wp-image-1607 size-medium\" src=\"https:\/\/www.baustellentagebuch.de\/kvp-lange-strasse\/wp-content\/uploads\/sites\/4\/2017\/07\/IMG_2255-247x300.jpg\" alt=\"Pflasterarbeiten Lange Stra\u00dfe\" width=\"247\" height=\"300\" \/><\/a><p id=\"caption-attachment-1607\" class=\"wp-caption-text\"><strong>Bodo, bist du das?<\/strong> Aufgrund des schlechten Wetters hielt gestern nur der im Trockenen sitzende Baggerfahrer einsam Stellung am &#8222;Baggerloch&#8220;.<\/p><\/div>\n<p>Im eigentlich schon fertig gestellten 1. BA hat die Telekom <a href=\"https:\/\/www.baustellentagebuch.de\/kvp-lange-strasse\/2017\/07\/04\/bitte-nur-in-eine-richtung\/\">wie angek\u00fcndigt die Abdeckungen der Kabelsch\u00e4chte<\/a> erneuert. Die m\u00fcssen jetzt nur noch angeplastert werden.<\/p>\n<p>Die frisch gepflanzten B\u00e4ume werden sich im Gegensatz zu allen anderen vermutlich \u00fcber den ergiebigen Regen freuen. Genau wie die Stauden, die noch in dieser Woche unter die B\u00e4ume gepflanzt werden.<\/p>\n","protected":false},"excerpt":{"rendered":"<p>In der Baustelle Lange Stra\u00dfe wird es ab n\u00e4chstem Montag f\u00fcr die Dauer von zwei Wochen ruhiger werden. Der Grund daf\u00fcr sind Betriebsferien bei der Baufirma. Die f\u00fchren dazu, dass die Zahl der Arbeitskr\u00e4fte deutlich reduziert wird. Es wird also weiter gehen, aber etwas langsamer. Einen kleinen Vorgeschmack darauf gab es gestern. Wegen der Regenf\u00e4lle [&hellip;]<\/p>\n","protected":false},"author":3,"featured_media":1609,"comment_status":"open","ping_status":"open","sticky":false,"template":"","format":"standard","meta":{"_genesis_hide_title":false,"_genesis_hide_breadcrumbs":false,"_genesis_hide_singular_image":false,"_genesis_hide_footer_widgets":false,"_genesis_custom_body_class":"","_genesis_custom_post_class":"","_genesis_layout":"","footnotes":""},"categories":[1],"tags":[],"class_list":{"0":"post-1610","1":"post","2":"type-post","3":"status-publish","4":"format-standard","5":"has-post-thumbnail","7":"category-baufortschritt","8":"entry"},"_links":{"self":[{"href":"https:\/\/www.baustellentagebuch.de\/kvp-lange-strasse\/wp-json\/wp\/v2\/posts\/1610","targetHints":{"allow":["GET"]}}],"collection":[{"href":"https:\/\/www.baustellentagebuch.de\/kvp-lange-strasse\/wp-json\/wp\/v2\/posts"}],"about":[{"href":"https:\/\/www.baustellentagebuch.de\/kvp-lange-strasse\/wp-json\/wp\/v2\/types\/post"}],"author":[{"embeddable":true,"href":"https:\/\/www.baustellentagebuch.de\/kvp-lange-strasse\/wp-json\/wp\/v2\/users\/3"}],"replies":[{"embeddable":true,"href":"https:\/\/www.baustellentagebuch.de\/kvp-lange-strasse\/wp-json\/wp\/v2\/comments?post=1610"}],"version-history":[{"count":18,"href":"https:\/\/www.baustellentagebuch.de\/kvp-lange-strasse\/wp-json\/wp\/v2\/posts\/1610\/revisions"}],"predecessor-version":[{"id":1629,"href":"https:\/\/www.baustellentagebuch.de\/kvp-lange-strasse\/wp-json\/wp\/v2\/posts\/1610\/revisions\/1629"}],"wp:featuredmedia":[{"embeddable":true,"href":"https:\/\/www.baustellentagebuch.de\/kvp-lange-strasse\/wp-json\/wp\/v2\/media\/1609"}],"wp:attachment":[{"href":"https:\/\/www.baustellentagebuch.de\/kvp-lange-strasse\/wp-json\/wp\/v2\/media?parent=1610"}],"wp:term":[{"taxonomy":"category","embeddable":true,"href":"https:\/\/www.baustellentagebuch.de\/kvp-lange-strasse\/wp-json\/wp\/v2\/categories?post=1610"},{"taxonomy":"post_tag","embeddable":true,"href":"https:\/\/www.baustellentagebuch.de\/kvp-lange-strasse\/wp-json\/wp\/v2\/tags?post=1610"}],"curies":[{"name":"wp","href":"https:\/\/api.w.org\/{rel}","templated":true}]}}