{"id":1660,"date":"2017-07-24T17:10:10","date_gmt":"2017-07-24T15:10:10","guid":{"rendered":"https:\/\/www.baustellentagebuch.de\/kvp-lange-strasse\/?p=1660"},"modified":"2017-07-24T17:10:39","modified_gmt":"2017-07-24T15:10:39","slug":"planungen-fuer-vollsperrung-laufen","status":"publish","type":"post","link":"https:\/\/www.baustellentagebuch.de\/kvp-lange-strasse\/2017\/07\/24\/planungen-fuer-vollsperrung-laufen\/","title":{"rendered":"Planungen f\u00fcr Vollsperrung laufen"},"content":{"rendered":"<div id=\"attachment_1659\" style=\"width: 310px\" class=\"wp-caption alignright\"><a href=\"https:\/\/www.baustellentagebuch.de\/kvp-lange-strasse\/wp-content\/uploads\/sites\/4\/2017\/07\/IMG_2336.jpg\" target=\"_blank\" rel=\"noopener\" data-rel=\"lightbox-image-0\" data-rl_title=\"\" data-rl_caption=\"\" title=\"\"><img loading=\"lazy\" decoding=\"async\" aria-describedby=\"caption-attachment-1659\" class=\"wp-image-1659 size-medium\" src=\"https:\/\/www.baustellentagebuch.de\/kvp-lange-strasse\/wp-content\/uploads\/sites\/4\/2017\/07\/IMG_2336-300x198.jpg\" alt=\"Abriss Gehweg\" width=\"300\" height=\"198\" \/><\/a><p id=\"caption-attachment-1659\" class=\"wp-caption-text\"><strong>Trockener Arbeitsplatz bei Dauerregen:<\/strong> Der Baggerfahrer rei\u00dft vor dem Rathausparkplatz den alten B\u00fcrgersteig samt Gosse und Rinne und die Parkstreifen raus. <em>Fotos: Jens Nickolaus<\/em><\/p><\/div>\n<p>Seit\u00a0die meiste Arbeit an der Besebachbr\u00fccke erledigt ist, ist die Truppe in der Baustelle auf drei Mann geschrumpft. Die rei\u00dfen bis Mitte der Woche direkt vor dem Rathausparkplatz den alten B\u00fcrgersteig samt Gosse und Parkstreifen raus. Dann geht es los mit dem Neuaufbau. Die spannenden Sachen passieren im Moment eher in der Verwaltung. Dort sind mittlerweile die <a href=\"https:\/\/www.baustellentagebuch.de\/kvp-lange-strasse\/2017\/07\/04\/bitte-nur-in-eine-richtung\/\">Testergebnisse der Asphalt-Untersuchung<\/a> eingegangen. Au\u00dferdem wird gerade die <strong>Vollsperrung<\/strong> f\u00fcr die Asphaltierungsarbeiten geplant.<!--more--><\/p>\n<h2>Asphalt-Proben brachten gute Ergebnisse<\/h2>\n<p>Die Anfang Juli in der Langen Stra\u00dfe entnommen Asphalt-Proben, brachten gute Ergebnisse: Es ist nicht n\u00f6tig, alle drei Asphaltschichten abzufr\u00e4sen. Die untere Tragschicht kann drin bleiben. Nur die mittlere Binderschicht und die Fahrbahndecke m\u00fcssen erneuert werden. Einzige Ausnahme ist der Kreisverkehr Ravensberger Stra\u00dfe. Dort wird der Asphalt aufgrund des Umbaus des Kreisels komplett erneuert.<\/p>\n<h2>Vollsperrung voraussichtlich ab der 34. KW<\/h2>\n<p>F\u00fcr die Sanierung der Fahrbahn muss die Lange Stra\u00dfe voll gesperrt werden. Im Moment ist daf\u00fcr die 34. Kalenderwoche (die Woche vom 21. &#8211; 27. August) vorgesehen. Gesperrt wird auf jeden Fall der 2. Bauabschnitt (BA), also der Bereich zwischen der Poststra\u00dfe und der Bussche-M\u00fcnch-Stra\u00dfe. Wahrscheinlich werden auch Teile des 3. BA, der bis zum Kreisverkehr Ravensberger Stra\u00dfe geht, gesperrt. Wie weit die Sperrung reichen wird, h\u00e4ngt vom Baufortschritt in den kommenden Wochen ab. Die Vollsperrung soll vor Schulbeginn wieder aufgehoben werden, also vor dem 30. August. \u00dcber die endg\u00fcltigen \/ konkreten Termine informiere ich Sie, sobald die Planung abgeschlossen wurde.<\/p>\n<p><span style=\"text-decoration: underline;\">Wenn der Verkehr von der Stra\u00dfe runter ist, wird der Ablauf dem \u00fcblichen Muster folgen:<\/span><\/p>\n<ol>\n<li>Alten Asphalt abfr\u00e4sen.<\/li>\n<li>Asphalt-Tragschicht einbauen.<\/li>\n<li>Haftkleber anspritzen.<br \/>\n(Vorsicht: Nicht betreten!)<\/li>\n<li>Asphalt-Binderschicht einbauen.<\/li>\n<li>Haftkleber anspritzen.<br \/>\n(Vorsicht: Nicht betreten!)<\/li>\n<li>Fahrbahndecke asphaltieren.<\/li>\n<li>Fahrbahnmarkierungen aufbringen.<\/li>\n<li>Schachtabdeckungen angleichen.<\/li>\n<\/ol>\n<h2>Es fehlen: Die obersten Schichten<\/h2>\n<div id=\"attachment_1658\" style=\"width: 310px\" class=\"wp-caption alignright\"><a href=\"https:\/\/www.baustellentagebuch.de\/kvp-lange-strasse\/wp-content\/uploads\/sites\/4\/2017\/07\/IMG_2331.jpg\" target=\"_blank\" rel=\"noopener\" data-rel=\"lightbox-image-1\" data-rl_title=\"\" data-rl_caption=\"\" title=\"\"><img loading=\"lazy\" decoding=\"async\" aria-describedby=\"caption-attachment-1658\" class=\"wp-image-1658 size-medium\" src=\"https:\/\/www.baustellentagebuch.de\/kvp-lange-strasse\/wp-content\/uploads\/sites\/4\/2017\/07\/IMG_2331-300x157.jpg\" alt=\"Gehwegkappe Besebachbr\u00fccke\" width=\"300\" height=\"157\" \/><\/a><p id=\"caption-attachment-1658\" class=\"wp-caption-text\"><strong>Ebene Angelegenheit:<\/strong> Vergangene Woche sahen die tiefen L\u00f6cher vor und hinter der Besebachbr\u00fccke noch ganz gruselig aus.<\/p><\/div>\n<p>W\u00e4hrend die Fahrbahn noch so einige Arbeitsg\u00e4nge vor sich hat, sind die Arbeiten an der einen H\u00e4lfte der Besebachbr\u00fccke schon recht weit fortgeschritten. Auf der Br\u00fccke ist der neue Gehweg betoniert und das Gel\u00e4nder sitzt seit vergangenem Freitag. Vor und hinter der Besebachbr\u00fccke wurde der B\u00fcrgersteig auf H\u00f6he gebracht, die Bordsteine sind auf der Friedhof-Seite angeschlossen und der Pflastersand bildet schon einen glatten Untergrund. Das Einzige, was noch fehlt, sind die Pflastersteine obendrauf. Im Moment liegt das Pflaster bis etwa auf H\u00f6he der Friedhofsmauer.<\/p>\n<p>Die <a href=\"https:\/\/www.baustellentagebuch.de\/kvp-lange-strasse\/2017\/07\/18\/action-an-der-besebachbruecke\/\">(vor\u00fcbergehende) oberste Schicht<\/a> fehlt auch noch auf dem Gussasphalt in der angrenzenden Fahrbahn. Immerhin steht das schwarze Viereck nicht mehr so hoch raus, nachdem der Untergrund davor und dahinter angeglichen wurde. Ich bin gespannt, was zuerst fertig wird: Der Gehweg oder der Asphalt auf der Br\u00fccke.<\/p>\n","protected":false},"excerpt":{"rendered":"<p>Seit\u00a0die meiste Arbeit an der Besebachbr\u00fccke erledigt ist, ist die Truppe in der Baustelle auf drei Mann geschrumpft. Die rei\u00dfen bis Mitte der Woche direkt vor dem Rathausparkplatz den alten B\u00fcrgersteig samt Gosse und Parkstreifen raus. Dann geht es los mit dem Neuaufbau. Die spannenden Sachen passieren im Moment eher in der Verwaltung. Dort sind [&hellip;]<\/p>\n","protected":false},"author":3,"featured_media":1659,"comment_status":"open","ping_status":"open","sticky":false,"template":"","format":"standard","meta":{"_genesis_hide_title":false,"_genesis_hide_breadcrumbs":false,"_genesis_hide_singular_image":false,"_genesis_hide_footer_widgets":false,"_genesis_custom_body_class":"","_genesis_custom_post_class":"","_genesis_layout":"","footnotes":""},"categories":[1],"tags":[],"class_list":{"0":"post-1660","1":"post","2":"type-post","3":"status-publish","4":"format-standard","5":"has-post-thumbnail","7":"category-baufortschritt","8":"entry"},"_links":{"self":[{"href":"https:\/\/www.baustellentagebuch.de\/kvp-lange-strasse\/wp-json\/wp\/v2\/posts\/1660","targetHints":{"allow":["GET"]}}],"collection":[{"href":"https:\/\/www.baustellentagebuch.de\/kvp-lange-strasse\/wp-json\/wp\/v2\/posts"}],"about":[{"href":"https:\/\/www.baustellentagebuch.de\/kvp-lange-strasse\/wp-json\/wp\/v2\/types\/post"}],"author":[{"embeddable":true,"href":"https:\/\/www.baustellentagebuch.de\/kvp-lange-strasse\/wp-json\/wp\/v2\/users\/3"}],"replies":[{"embeddable":true,"href":"https:\/\/www.baustellentagebuch.de\/kvp-lange-strasse\/wp-json\/wp\/v2\/comments?post=1660"}],"version-history":[{"count":20,"href":"https:\/\/www.baustellentagebuch.de\/kvp-lange-strasse\/wp-json\/wp\/v2\/posts\/1660\/revisions"}],"predecessor-version":[{"id":1681,"href":"https:\/\/www.baustellentagebuch.de\/kvp-lange-strasse\/wp-json\/wp\/v2\/posts\/1660\/revisions\/1681"}],"wp:featuredmedia":[{"embeddable":true,"href":"https:\/\/www.baustellentagebuch.de\/kvp-lange-strasse\/wp-json\/wp\/v2\/media\/1659"}],"wp:attachment":[{"href":"https:\/\/www.baustellentagebuch.de\/kvp-lange-strasse\/wp-json\/wp\/v2\/media?parent=1660"}],"wp:term":[{"taxonomy":"category","embeddable":true,"href":"https:\/\/www.baustellentagebuch.de\/kvp-lange-strasse\/wp-json\/wp\/v2\/categories?post=1660"},{"taxonomy":"post_tag","embeddable":true,"href":"https:\/\/www.baustellentagebuch.de\/kvp-lange-strasse\/wp-json\/wp\/v2\/tags?post=1660"}],"curies":[{"name":"wp","href":"https:\/\/api.w.org\/{rel}","templated":true}]}}