{"id":1682,"date":"2017-08-01T13:39:43","date_gmt":"2017-08-01T11:39:43","guid":{"rendered":"https:\/\/www.baustellentagebuch.de\/kvp-lange-strasse\/?p=1682"},"modified":"2017-07-28T15:05:18","modified_gmt":"2017-07-28T13:05:18","slug":"strassenbauer-sind-aus-dem-urlaub-zurueck","status":"publish","type":"post","link":"https:\/\/www.baustellentagebuch.de\/kvp-lange-strasse\/2017\/08\/01\/strassenbauer-sind-aus-dem-urlaub-zurueck\/","title":{"rendered":"Stra\u00dfenbauer sind aus dem Urlaub zur\u00fcck"},"content":{"rendered":"<div id=\"attachment_1692\" style=\"width: 302px\" class=\"wp-caption alignright\"><a href=\"https:\/\/www.baustellentagebuch.de\/kvp-lange-strasse\/wp-content\/uploads\/sites\/4\/2017\/08\/IMG_2354.jpg\" target=\"_blank\" rel=\"noopener\" data-rel=\"lightbox-image-0\" data-rl_title=\"\" data-rl_caption=\"\" title=\"\"><img loading=\"lazy\" decoding=\"async\" aria-describedby=\"caption-attachment-1692\" class=\"wp-image-1692 size-medium\" src=\"https:\/\/www.baustellentagebuch.de\/kvp-lange-strasse\/wp-content\/uploads\/sites\/4\/2017\/08\/IMG_2354-292x300.jpg\" alt=\"Gehwegbaustelle Rathaus Spenge\" width=\"292\" height=\"300\" srcset=\"https:\/\/www.baustellentagebuch.de\/kvp-lange-strasse\/wp-content\/uploads\/sites\/4\/2017\/08\/IMG_2354-292x300.jpg 292w, https:\/\/www.baustellentagebuch.de\/kvp-lange-strasse\/wp-content\/uploads\/sites\/4\/2017\/08\/IMG_2354-996x1024.jpg 996w, https:\/\/www.baustellentagebuch.de\/kvp-lange-strasse\/wp-content\/uploads\/sites\/4\/2017\/08\/IMG_2354-768x789.jpg 768w, https:\/\/www.baustellentagebuch.de\/kvp-lange-strasse\/wp-content\/uploads\/sites\/4\/2017\/08\/IMG_2354-600x617.jpg 600w, https:\/\/www.baustellentagebuch.de\/kvp-lange-strasse\/wp-content\/uploads\/sites\/4\/2017\/08\/IMG_2354-1494x1536.jpg 1494w, https:\/\/www.baustellentagebuch.de\/kvp-lange-strasse\/wp-content\/uploads\/sites\/4\/2017\/08\/IMG_2354-1992x2048.jpg 1992w\" sizes=\"auto, (max-width: 292px) 100vw, 292px\" \/><\/a><p id=\"caption-attachment-1692\" class=\"wp-caption-text\"><strong>Ab jetzt geht&#8217;s schneller:<\/strong> Am vergangenen Freitag wurde direkt vor dem Rathaus gearbeitet. Seit heute werden die Bord- und Gossensteine wieder mit verst\u00e4rkter Mannschaft gesetzt. <em>Foto: Jens Nickolaus<\/em><\/p><\/div>\n<p>In dieser Woche gibt es nur eine kurze Meldung aus der Baustelle: Heute kommen die Stra\u00dfenbauer aus dem Urlaub zur\u00fcck! Die geben jetzt beim Einbau der Bord- und Gossensteine vom Rathaus runter in Richtung Kirche ordentlich Gas. Wie es eben so ist, nach dem Urlaub: Die Erholung ist schnell wieder weg. \ud83d\ude09 Der Grund sind die <a href=\"https:\/\/www.baustellentagebuch.de\/kvp-lange-strasse\/2017\/07\/24\/planungen-fuer-vollsperrung-laufen\/\">in der Woche ab dem 21. August unter Vollsperrung geplanten Asphaltierungsarbeiten<\/a> im 2. und in Teilen des 3. Bauabschnitts. Wann genau die Lange Stra\u00dfe gesperrt wird, werde ich Ihnen voraussichtlich in der Woche vor der Sperrung sagen k\u00f6nnen.<!--more--><\/p>\n<h2>Seitenwechsel vor Donnerstag<\/h2>\n<p>Am anderen Ende der Baustelle machen die von <a href=\"https:\/\/www.strassen.nrw.de\" target=\"_blank\" rel=\"noopener\">Stra\u00dfen.NRW<\/a> beauftragten Jungs anscheinend zum Wochenende immer schnell noch was an der Besebachbr\u00fccke fertig. Da kann man beim Freitag ja fast schon vom Besebach-Br\u00fcckentag sprechen. \ud83d\ude09 Vergangenen Freitag war es die provisorische, oberste Schicht Asphalt, die eingebaut wurde. Damit steht dem <a href=\"https:\/\/www.baustellentagebuch.de\/kvp-lange-strasse\/2017\/07\/18\/action-an-der-besebachbruecke\/\">geplanten Wechsel der Stra\u00dfenseite<\/a> f\u00fcr Autos und Fu\u00dfg\u00e4nger im Bereich der Br\u00fccke nichts mehr im Wege. Der Wechsel wird noch vor Donnerstag stattfinden.<\/p>\n","protected":false},"excerpt":{"rendered":"<p>In dieser Woche gibt es nur eine kurze Meldung aus der Baustelle: Heute kommen die Stra\u00dfenbauer aus dem Urlaub zur\u00fcck! Die geben jetzt beim Einbau der Bord- und Gossensteine vom Rathaus runter in Richtung Kirche ordentlich Gas. Wie es eben so ist, nach dem Urlaub: Die Erholung ist schnell wieder weg. \ud83d\ude09 Der Grund sind [&hellip;]<\/p>\n","protected":false},"author":3,"featured_media":1692,"comment_status":"open","ping_status":"open","sticky":false,"template":"","format":"standard","meta":{"_genesis_hide_title":false,"_genesis_hide_breadcrumbs":false,"_genesis_hide_singular_image":false,"_genesis_hide_footer_widgets":false,"_genesis_custom_body_class":"","_genesis_custom_post_class":"","_genesis_layout":"","footnotes":""},"categories":[1],"tags":[],"class_list":{"0":"post-1682","1":"post","2":"type-post","3":"status-publish","4":"format-standard","5":"has-post-thumbnail","7":"category-baufortschritt","8":"entry"},"_links":{"self":[{"href":"https:\/\/www.baustellentagebuch.de\/kvp-lange-strasse\/wp-json\/wp\/v2\/posts\/1682","targetHints":{"allow":["GET"]}}],"collection":[{"href":"https:\/\/www.baustellentagebuch.de\/kvp-lange-strasse\/wp-json\/wp\/v2\/posts"}],"about":[{"href":"https:\/\/www.baustellentagebuch.de\/kvp-lange-strasse\/wp-json\/wp\/v2\/types\/post"}],"author":[{"embeddable":true,"href":"https:\/\/www.baustellentagebuch.de\/kvp-lange-strasse\/wp-json\/wp\/v2\/users\/3"}],"replies":[{"embeddable":true,"href":"https:\/\/www.baustellentagebuch.de\/kvp-lange-strasse\/wp-json\/wp\/v2\/comments?post=1682"}],"version-history":[{"count":13,"href":"https:\/\/www.baustellentagebuch.de\/kvp-lange-strasse\/wp-json\/wp\/v2\/posts\/1682\/revisions"}],"predecessor-version":[{"id":1697,"href":"https:\/\/www.baustellentagebuch.de\/kvp-lange-strasse\/wp-json\/wp\/v2\/posts\/1682\/revisions\/1697"}],"wp:featuredmedia":[{"embeddable":true,"href":"https:\/\/www.baustellentagebuch.de\/kvp-lange-strasse\/wp-json\/wp\/v2\/media\/1692"}],"wp:attachment":[{"href":"https:\/\/www.baustellentagebuch.de\/kvp-lange-strasse\/wp-json\/wp\/v2\/media?parent=1682"}],"wp:term":[{"taxonomy":"category","embeddable":true,"href":"https:\/\/www.baustellentagebuch.de\/kvp-lange-strasse\/wp-json\/wp\/v2\/categories?post=1682"},{"taxonomy":"post_tag","embeddable":true,"href":"https:\/\/www.baustellentagebuch.de\/kvp-lange-strasse\/wp-json\/wp\/v2\/tags?post=1682"}],"curies":[{"name":"wp","href":"https:\/\/api.w.org\/{rel}","templated":true}]}}