{"id":1991,"date":"2017-10-18T11:13:57","date_gmt":"2017-10-18T09:13:57","guid":{"rendered":"https:\/\/www.baustellentagebuch.de\/kvp-lange-strasse\/?p=1991"},"modified":"2017-10-18T11:14:07","modified_gmt":"2017-10-18T09:14:07","slug":"beweisfoto-es-geht-wieder-rund","status":"publish","type":"post","link":"https:\/\/www.baustellentagebuch.de\/kvp-lange-strasse\/2017\/10\/18\/beweisfoto-es-geht-wieder-rund\/","title":{"rendered":"Beweisfoto: Es geht wieder rund!"},"content":{"rendered":"<p><a href=\"https:\/\/www.baustellentagebuch.de\/kvp-lange-strasse\/wp-content\/uploads\/sites\/4\/2017\/10\/IMG_2715.jpg\" target=\"_blank\" rel=\"noopener\" data-rel=\"lightbox-image-0\" data-rl_title=\"\" data-rl_caption=\"\" title=\"\"><img loading=\"lazy\" decoding=\"async\" class=\"alignleft wp-image-1990 size-medium\" src=\"https:\/\/www.baustellentagebuch.de\/kvp-lange-strasse\/wp-content\/uploads\/sites\/4\/2017\/10\/IMG_2715-300x180.jpg\" alt=\"Kreisverkehr Ravensberger Stra\u00dfe Spenge\" width=\"300\" height=\"180\" \/><\/a>Die Vollsperrung wurde gestern aufgehoben. Im Kreisverkehr Ravensberger Stra\u00dfe und nat\u00fcrlich auch drumherum geht es wieder rund. <a href=\"https:\/\/www.baustellentagebuch.de\/kvp-lange-strasse\/ansprechpartner\/\">Jens Nickolaus von der Stadt Spenge<\/a> machte heute Morgen das Beweisfoto.<\/p>\n<p>Auch wenn das Foto etwas anderes vermuten l\u00e4sst: Die Stra\u00dfe ist mitnichten nur f\u00fcr Fahrzeuge der Marke VW freigegeben. Alle anderen d\u00fcrfen nat\u00fcrlich auch! Sonst s\u00e4he es f\u00fcr mich selbst auch schlecht aus. \ud83d\ude09<\/p>\n<p>Allzeit gute Fahrt w\u00fcnscht Ihnen, Heiko Link<\/p>\n","protected":false},"excerpt":{"rendered":"<p>Die Vollsperrung wurde gestern aufgehoben. Im Kreisverkehr Ravensberger Stra\u00dfe und nat\u00fcrlich auch drumherum geht es wieder rund. Jens Nickolaus von der Stadt Spenge machte heute Morgen das Beweisfoto. Auch wenn das Foto etwas anderes vermuten l\u00e4sst: Die Stra\u00dfe ist mitnichten nur f\u00fcr Fahrzeuge der Marke VW freigegeben. Alle anderen d\u00fcrfen nat\u00fcrlich auch! Sonst s\u00e4he es [&hellip;]<\/p>\n","protected":false},"author":3,"featured_media":1990,"comment_status":"open","ping_status":"open","sticky":false,"template":"","format":"standard","meta":{"_genesis_hide_title":false,"_genesis_hide_breadcrumbs":false,"_genesis_hide_singular_image":false,"_genesis_hide_footer_widgets":false,"_genesis_custom_body_class":"","_genesis_custom_post_class":"","_genesis_layout":"","footnotes":""},"categories":[1],"tags":[],"class_list":{"0":"post-1991","1":"post","2":"type-post","3":"status-publish","4":"format-standard","5":"has-post-thumbnail","7":"category-baufortschritt","8":"entry"},"_links":{"self":[{"href":"https:\/\/www.baustellentagebuch.de\/kvp-lange-strasse\/wp-json\/wp\/v2\/posts\/1991","targetHints":{"allow":["GET"]}}],"collection":[{"href":"https:\/\/www.baustellentagebuch.de\/kvp-lange-strasse\/wp-json\/wp\/v2\/posts"}],"about":[{"href":"https:\/\/www.baustellentagebuch.de\/kvp-lange-strasse\/wp-json\/wp\/v2\/types\/post"}],"author":[{"embeddable":true,"href":"https:\/\/www.baustellentagebuch.de\/kvp-lange-strasse\/wp-json\/wp\/v2\/users\/3"}],"replies":[{"embeddable":true,"href":"https:\/\/www.baustellentagebuch.de\/kvp-lange-strasse\/wp-json\/wp\/v2\/comments?post=1991"}],"version-history":[{"count":2,"href":"https:\/\/www.baustellentagebuch.de\/kvp-lange-strasse\/wp-json\/wp\/v2\/posts\/1991\/revisions"}],"predecessor-version":[{"id":1993,"href":"https:\/\/www.baustellentagebuch.de\/kvp-lange-strasse\/wp-json\/wp\/v2\/posts\/1991\/revisions\/1993"}],"wp:featuredmedia":[{"embeddable":true,"href":"https:\/\/www.baustellentagebuch.de\/kvp-lange-strasse\/wp-json\/wp\/v2\/media\/1990"}],"wp:attachment":[{"href":"https:\/\/www.baustellentagebuch.de\/kvp-lange-strasse\/wp-json\/wp\/v2\/media?parent=1991"}],"wp:term":[{"taxonomy":"category","embeddable":true,"href":"https:\/\/www.baustellentagebuch.de\/kvp-lange-strasse\/wp-json\/wp\/v2\/categories?post=1991"},{"taxonomy":"post_tag","embeddable":true,"href":"https:\/\/www.baustellentagebuch.de\/kvp-lange-strasse\/wp-json\/wp\/v2\/tags?post=1991"}],"curies":[{"name":"wp","href":"https:\/\/api.w.org\/{rel}","templated":true}]}}